{"id":45753,"date":"2021-03-14T17:07:20","date_gmt":"2021-03-14T15:07:20","guid":{"rendered":"http:\/\/gymnasium-amstetten.at\/?p=45753"},"modified":"2021-03-14T17:07:20","modified_gmt":"2021-03-14T15:07:20","slug":"auf-in-den-sportzweig","status":"publish","type":"post","link":"https:\/\/www.bgamstetten.ac.at\/index.php\/2021\/03\/14\/auf-in-den-sportzweig\/","title":{"rendered":"Auf in den Sportzweig &#8230;"},"content":{"rendered":"<style type=\"text\/css\"><\/style><p>\u2026dachten sich insgesamt 35 Sch\u00fclerinnen und Sch\u00fcler,<!--more--> doch da <em>bildete<\/em> am 12. M\u00e4rz der Eignungstest noch ein kleines Hindernis, da dort viele, aber leider nicht alle, mit ihrem <em>Bewegen<\/em> <em>begeistern<\/em> konnten\u2026<\/p>\n<p>Aufgrund der Coronasituation waren sowohl die Vorbereitung der Sch\u00fclerinnen und Sch\u00fcler darauf als auch die Durchf\u00fchrung der Pr\u00fcfung nicht ganz einfach. Als Entgegenkommen f\u00fcr die erfreulicherweise diesmal wieder zahlreicheren Interessentinnen und Interessenten ausw\u00e4rtiger Schulen bot Mag. Klaus Vogl sogar zwei Vorbereitungseinheiten an, die auch gern angenommen wurden. F\u00fcr die meisten sollte sich das dann auch am Tag-X bezahlt machen\u2026<\/p>\n<p>Dem Test selbst lag dann ein gut durchdachtes Covid19-Konzept zugrunde. So wurden die TeilnehmerInnen alle zuvor getestet und absolvierten den Test in drei verschiedenen Gruppen, die sich weder vermischten noch begegneten.<\/p>\n<p>Das SportlehrerInnen-Team rund um Kustos Mag. Gerald Steindl und Sportzweigkoordinator Mag. Klaus Vogl sorgte f\u00fcr einen reibungslosen und entspannten Ablauf, von dem sich auch Dir. Mag. Josef Spreitz ein Bild machte und die Sch\u00fclerinnen und Sch\u00fcler motivierte und anfeuerte. Zudem sp\u00fcrte man auch unter allen Beteiligten eine sehr positive Stimmung! Manche Sch\u00fcler matchten sich als ginge es um Weltmeistertitel \u2013 vielleicht auch ein Zeichen daf\u00fcr, wie sehr ihnen das gemeinsame Sporttreiben bzw. sich gegeneinander Messen in letzter Zeit fehlte\u2026<\/p>\n<p>\u2026leider fehlte es bei manchen in gewissen Bereichen auch an allen Ecken und Enden. Die negativen, sportlichen Folgen der Coronapandemie wurden somit leider ebenso augenscheinlich. So entpuppten sich vor allem das Tauklettern sowie der 8min-Lauf als gr\u00f6\u00dfte H\u00fcrden, w\u00e4hrend die neu eingef\u00fchrten Anforderungen am Reck sowie beim Balldribbling fast problemlos gemeistert wurden.<\/p>\n<p>Schlussendlich schafften 18 der 32 angetretenen Sch\u00fclerinnen und Sch\u00fcler die Anforderungen f\u00fcr die sofortige Aufnahme in den Sportzweig. F\u00fcr die anderen gilt, frei nach dem Schulmotto <em>Bilden Bewegen Begeistern,<\/em> weiter zu trainieren und am Freitag, den 7. Mai, mit den noch ausstehenden Leistungen zu begeistern.<\/p>\n<p style=\"text-align: right;\">Mag. Klaus Vogl<\/p>\n<div class=\"cmsms_gallery\">\n<ul>\n<li class=\"one_fourth\">\n<figure><a href=\"\" rel=\"ilightbox[69f5e8e290210]\"><\/a><\/figure><\/li>\n<li class=\"one_fourth\">\n<figure><a href=\"\" rel=\"ilightbox[69f5e8e290210]\"><\/a><\/figure><\/li>\n<li class=\"one_fourth\">\n<figure><a href=\"\" rel=\"ilightbox[69f5e8e290210]\"><\/a><\/figure><\/li>\n<li class=\"one_fourth\">\n<figure><a href=\"\" rel=\"ilightbox[69f5e8e290210]\"><\/a><\/figure><\/li>\n<li class=\"one_fourth\">\n<figure><a href=\"\" rel=\"ilightbox[69f5e8e290210]\"><\/a><\/figure><\/li>\n<li class=\"one_fourth\">\n<figure><a href=\"\" rel=\"ilightbox[69f5e8e290210]\"><\/a><\/figure><\/li>\n<li class=\"one_fourth\">\n<figure><a href=\"\" rel=\"ilightbox[69f5e8e290210]\"><\/a><\/figure><\/li>\n<li class=\"one_fourth\">\n<figure><a href=\"\" rel=\"ilightbox[69f5e8e290210]\"><\/a><\/figure><\/li>\n<li class=\"one_fourth\">\n<figure><a href=\"\" rel=\"ilightbox[69f5e8e290210]\"><\/a><\/figure><\/li>\n<li class=\"one_fourth\">\n<figure><a href=\"\" rel=\"ilightbox[69f5e8e290210]\"><\/a><\/figure><\/li>\n<li class=\"one_fourth\">\n<figure><a href=\"\" rel=\"ilightbox[69f5e8e290210]\"><\/a><\/figure><\/li>\n<li class=\"one_fourth\">\n<figure><a href=\"\" rel=\"ilightbox[69f5e8e290210]\"><\/a><\/figure><\/li>\n<li class=\"one_fourth\">\n<figure><a href=\"\" rel=\"ilightbox[69f5e8e290210]\"><\/a><\/figure><\/li>\n<li class=\"one_fourth\">\n<figure><a href=\"\" rel=\"ilightbox[69f5e8e290210]\"><\/a><\/figure><\/li>\n<li class=\"one_fourth\">\n<figure><a href=\"\" rel=\"ilightbox[69f5e8e290210]\"><\/a><\/figure><\/li>\n<li class=\"one_fourth\">\n<figure><a href=\"\" rel=\"ilightbox[69f5e8e290210]\"><\/a><\/figure><\/li>\n<li class=\"one_fourth\">\n<figure><a href=\"\" rel=\"ilightbox[69f5e8e290210]\"><\/a><\/figure><\/li>\n<li class=\"one_fourth\">\n<figure><a href=\"\" rel=\"ilightbox[69f5e8e290210]\"><\/a><\/figure><\/li>\n<li class=\"one_fourth\">\n<figure><a href=\"\" rel=\"ilightbox[69f5e8e290210]\"><\/a><\/figure><\/li>\n<li class=\"one_fourth\">\n<figure><a href=\"\" rel=\"ilightbox[69f5e8e290210]\"><\/a><\/figure><\/li>\n<li class=\"one_fourth\">\n<figure><a href=\"\" rel=\"ilightbox[69f5e8e290210]\"><\/a><\/figure><\/li>\n<li class=\"one_fourth\">\n<figure><a href=\"\" rel=\"ilightbox[69f5e8e290210]\"><\/a><\/figure><\/li>\n<li class=\"one_fourth\">\n<figure><a href=\"\" rel=\"ilightbox[69f5e8e290210]\"><\/a><\/figure><\/li>\n<li class=\"one_fourth\">\n<figure><a href=\"\" rel=\"ilightbox[69f5e8e290210]\"><\/a><\/figure><\/li>\n<li class=\"one_fourth\">\n<figure><a href=\"\" rel=\"ilightbox[69f5e8e290210]\"><\/a><\/figure><\/li>\n<li class=\"one_fourth\">\n<figure><a href=\"\" rel=\"ilightbox[69f5e8e290210]\"><\/a><\/figure><\/li>\n<li class=\"one_fourth\">\n<figure><a href=\"\" rel=\"ilightbox[69f5e8e290210]\"><\/a><\/figure><\/li>\n<li class=\"one_fourth\">\n<figure><a href=\"\" rel=\"ilightbox[69f5e8e290210]\"><\/a><\/figure><\/li>\n<li class=\"one_fourth\">\n<figure><a href=\"\" rel=\"ilightbox[69f5e8e290210]\"><\/a><\/figure><\/li>\n<li class=\"one_fourth\">\n<figure><a href=\"\" rel=\"ilightbox[69f5e8e290210]\"><\/a><\/figure><\/li>\n<li class=\"one_fourth\">\n<figure><a href=\"\" rel=\"ilightbox[69f5e8e290210]\"><\/a><\/figure><\/li>\n<li class=\"one_fourth\">\n<figure><a href=\"\" rel=\"ilightbox[69f5e8e290210]\"><\/a><\/figure><\/li>\n<li class=\"one_fourth\">\n<figure><a href=\"\" rel=\"ilightbox[69f5e8e290210]\"><\/a><\/figure><\/li>\n<li class=\"one_fourth\">\n<figure><a href=\"\" rel=\"ilightbox[69f5e8e290210]\"><\/a><\/figure><\/li>\n<li class=\"one_fourth\">\n<figure><a href=\"\" rel=\"ilightbox[69f5e8e290210]\"><\/a><\/figure><\/li>\n<\/ul>\n<\/div>\n\n","protected":false},"excerpt":{"rendered":"<p>\u2026dachten sich insgesamt 35 Sch\u00fclerinnen und Sch\u00fcler,<\/p>\n","protected":false},"author":1,"featured_media":45780,"comment_status":"closed","ping_status":"closed","sticky":false,"template":"","format":"standard","meta":{"footnotes":""},"categories":[18,13,4],"tags":[],"class_list":["post-45753","post","type-post","status-publish","format-standard","has-post-thumbnail","hentry","category-18","category-aktuelles","category-sportliches"],"_links":{"self":[{"href":"https:\/\/www.bgamstetten.ac.at\/index.php\/wp-json\/wp\/v2\/posts\/45753","targetHints":{"allow":["GET"]}}],"collection":[{"href":"https:\/\/www.bgamstetten.ac.at\/index.php\/wp-json\/wp\/v2\/posts"}],"about":[{"href":"https:\/\/www.bgamstetten.ac.at\/index.php\/wp-json\/wp\/v2\/types\/post"}],"author":[{"embeddable":true,"href":"https:\/\/www.bgamstetten.ac.at\/index.php\/wp-json\/wp\/v2\/users\/1"}],"replies":[{"embeddable":true,"href":"https:\/\/www.bgamstetten.ac.at\/index.php\/wp-json\/wp\/v2\/comments?post=45753"}],"version-history":[{"count":0,"href":"https:\/\/www.bgamstetten.ac.at\/index.php\/wp-json\/wp\/v2\/posts\/45753\/revisions"}],"wp:featuredmedia":[{"embeddable":true,"href":"https:\/\/www.bgamstetten.ac.at\/index.php\/wp-json\/"}],"wp:attachment":[{"href":"https:\/\/www.bgamstetten.ac.at\/index.php\/wp-json\/wp\/v2\/media?parent=45753"}],"wp:term":[{"taxonomy":"category","embeddable":true,"href":"https:\/\/www.bgamstetten.ac.at\/index.php\/wp-json\/wp\/v2\/categories?post=45753"},{"taxonomy":"post_tag","embeddable":true,"href":"https:\/\/www.bgamstetten.ac.at\/index.php\/wp-json\/wp\/v2\/tags?post=45753"}],"curies":[{"name":"wp","href":"https:\/\/api.w.org\/{rel}","templated":true}]}}