{"id":45720,"date":"2021-03-05T17:44:38","date_gmt":"2021-03-05T15:44:38","guid":{"rendered":"http:\/\/gymnasium-amstetten.at\/?p=45720"},"modified":"2021-03-05T17:44:38","modified_gmt":"2021-03-05T15:44:38","slug":"spanisch-landessiegerin-zita-czeitschner","status":"publish","type":"post","link":"https:\/\/www.bgamstetten.ac.at\/index.php\/2021\/03\/05\/spanisch-landessiegerin-zita-czeitschner\/","title":{"rendered":"Spanisch &#8211; Landessiegerin Zita Czeitschner"},"content":{"rendered":"<style type=\"text\/css\"><\/style><p>Am 3. M\u00e4rz 2021 wurde der diesj\u00e4hrige Fremdsprachenwettbewerb, zu dem im Fach Spanisch KandidatInnen aus ganz Nieder\u00f6sterreich angetreten waren, online ausgetragen. Der heurige Concurso fand unter dem Motto \u201eCambios\u201c (Ver\u00e4nderungen) statt, und Zita Czeitschner (8A) aus dem Sprachenzweig konnte ihn nach 3 Runden f\u00fcr sich entscheiden.<!--more--><\/p>\n<p>Der Bewerb gliederte sich in drei Bereiche: Im ersten Teil mussten alle TeilnehmerInnen mehrere Minuten \u00fcber ein Thema in Monologform sprechen. Danach wurde ein Rollenspiel bestritten, bei dem sprachliche Richtigkeit, optimales H\u00f6rverstehen, schnelle Reaktionsf\u00e4higkeit, gutes Einf\u00fchlungsverm\u00f6gen in die verlangte Rolle und disziplinierte Diskussionsf\u00e4higkeit gefordert waren.<\/p>\n<p>Nach dem Aufstieg in die dritte Runde wurde von den drei Finalistinnen verlangt, eine Rede zu folgendem Zitat zu halten: \u201eCuando soplan vientos de cambio, algunos construyen muros, otros molinos\u201c (Fegen Winde der Ver\u00e4nderung durchs Land, bauen einige Mauern, andere M\u00fchlen.\u201c) \u00a0Auch diesen Teil, in dem Wortschatz, Fl\u00fcssigkeit, Themenbezogenheit, Vielfalt und Angemessenheit der Argumente, situationsad\u00e4quate Ausdrucksweise, Flexibilit\u00e4t, \u00dcberzeugungskraft und angepasstes Sprachregister gefragt waren, absolvierte Zita Czeitschner bravour\u00f6s.<\/p>\n<p>Zitas Leistung ist insofern als sehr hoch einzusch\u00e4tzen, als sich ihr Spanischunterricht auf die 4-j\u00e4hrige Kurzform in der Oberstufe beschr\u00e4nkt. Ihre Spanischlehrerin Mag. Dr. Elisabeth Hofer hat sie im Rahmen der Begabtenf\u00f6rderung auf diesen Fremdsprachenwettbewerb vorbereitet.<\/p>\n<p><img decoding=\"async\" class=\"size-full wp-image-45721 aligncenter\" src=\"http:\/\/gymnasium-amstetten.at\/wp-content\/uploads\/2021\/03\/Fremdsprachenwettbewerb21.jpg\" alt=\"\" width=\"1000\" height=\"750\" \/><\/p>\n<p style=\"text-align: center;\">Foto: Direktor Mag. Josef Spreitz, Landessiegerin Zita Czeitschner, Spanischlehrerin Mag. Dr. Elisabeth Hofer<\/p>\n","protected":false},"excerpt":{"rendered":"<p>Am 3. M\u00e4rz 2021 wurde der diesj\u00e4hrige Fremdsprachenwettbewerb, zu dem im Fach Spanisch KandidatInnen aus ganz Nieder\u00f6sterreich angetreten waren, online ausgetragen. Der heurige Concurso fand unter dem Motto \u201eCambios\u201c (Ver\u00e4nderungen) statt, und Zita Czeitschner (8A) aus dem Sprachenzweig konnte ihn nach 3 Runden f\u00fcr sich entscheiden.<\/p>\n","protected":false},"author":1,"featured_media":45723,"comment_status":"closed","ping_status":"closed","sticky":false,"template":"","format":"standard","meta":{"footnotes":""},"categories":[18,8],"tags":[],"class_list":["post-45720","post","type-post","status-publish","format-standard","has-post-thumbnail","hentry","category-18","category-sprachen"],"_links":{"self":[{"href":"https:\/\/www.bgamstetten.ac.at\/index.php\/wp-json\/wp\/v2\/posts\/45720","targetHints":{"allow":["GET"]}}],"collection":[{"href":"https:\/\/www.bgamstetten.ac.at\/index.php\/wp-json\/wp\/v2\/posts"}],"about":[{"href":"https:\/\/www.bgamstetten.ac.at\/index.php\/wp-json\/wp\/v2\/types\/post"}],"author":[{"embeddable":true,"href":"https:\/\/www.bgamstetten.ac.at\/index.php\/wp-json\/wp\/v2\/users\/1"}],"replies":[{"embeddable":true,"href":"https:\/\/www.bgamstetten.ac.at\/index.php\/wp-json\/wp\/v2\/comments?post=45720"}],"version-history":[{"count":0,"href":"https:\/\/www.bgamstetten.ac.at\/index.php\/wp-json\/wp\/v2\/posts\/45720\/revisions"}],"wp:featuredmedia":[{"embeddable":true,"href":"https:\/\/www.bgamstetten.ac.at\/index.php\/wp-json\/"}],"wp:attachment":[{"href":"https:\/\/www.bgamstetten.ac.at\/index.php\/wp-json\/wp\/v2\/media?parent=45720"}],"wp:term":[{"taxonomy":"category","embeddable":true,"href":"https:\/\/www.bgamstetten.ac.at\/index.php\/wp-json\/wp\/v2\/categories?post=45720"},{"taxonomy":"post_tag","embeddable":true,"href":"https:\/\/www.bgamstetten.ac.at\/index.php\/wp-json\/wp\/v2\/tags?post=45720"}],"curies":[{"name":"wp","href":"https:\/\/api.w.org\/{rel}","templated":true}]}}