{"id":4546,"date":"2015-04-30T17:40:59","date_gmt":"2015-04-30T15:40:59","guid":{"rendered":"http:\/\/gymnasium-amstetten.at\/?p=4546"},"modified":"2015-04-30T17:40:59","modified_gmt":"2015-04-30T15:40:59","slug":"absolventenfeier-2015","status":"publish","type":"post","link":"https:\/\/www.bgamstetten.ac.at\/index.php\/2015\/04\/30\/absolventenfeier-2015\/","title":{"rendered":"Absolventenfeier 2015"},"content":{"rendered":"<style type=\"text\/css\"><\/style><p>Zum Abschluss ihrer Schulzeit am Ostarrichi-Gymnasium Amstetten<!--more--> kamen die Absolventen des Maturajahrganges 2015 am Donnerstag, den 30.04.2015, im Mehrzwecksaal zur Absolventenfeier zusammen und feierten gemeinsam mit Direktor Josef Spreitz, ihren Klassenvorst\u00e4nden Prof. Maria Resnitschek und Prof. Wilhelm M\u00fcller und ihren Klassenelternvertretern ihren letzten Schultag.<\/p>\n<p>Nach der Begr\u00fc\u00dfung durch den Direktor der Schule stellte Obfrau Karin Sch\u00fcller den jungen Absolventen den Absolventenverein, das Vereinskonzept, die Veranstaltungen und Serviceleistungen f\u00fcr Absolventen vor und lud im Namen des Absolventenvereins zu einem feierlichen Umtrunk. In diesem Rahmen wurden auch alle frischgebackenen Absolventen als Mitglieder in den Absolventenverein &#8211; bei freier Mitgliedschaft im Maturajahr &#8211; aufgenommen.<\/p>\n<p>Anschlie\u00dfend nahmen die Vertrauenslehrer Prof. Maria Resnitschek und Prof. Dominik Buchmeier die Ehrung der Peer Mediatoren vor und bedankten sich bei den engagierten Absolventen f\u00fcr ihren Einsatz.<\/p>\n<p>Mit einer Pr\u00e4sentation der Vorstellungsvideos der Jungabsolventen aus ihrem 1. Schuljahr am Gymnasium Amstetten und Fotoshows \u00fcber die gemeinsame Oberstufenzeit, die von Lisa Torinek (8.a) und Anna Hausberger (8.b) zusammengestellt wurden, klang die Absolventenfeier 2015 unterhaltsam und in lockerer Stimmung aus.<\/p>\n<p>Herzlichen Dank allen Teilnehmern an dieser sch\u00f6nen Absolventenfeier und all jenen, die mit ihren Beitr\u00e4gen zum Gelingen der Veranstaltung beigetragen haben.<\/p>\n<p>ALLES GUTE und VIEL ERFOLG den Absolventen 2015 bei ihrer Reifepr\u00fcfung!<\/p>\n<p>&nbsp;<\/p>\n<p style=\"text-align: right;\">\u00a0Mag. Karin Sch\u00fcller<\/p>\n<p style=\"text-align: right;\">(Obfrau des Absolventenvereins)<\/p>\n<p style=\"text-align: left;\">[ilightbox id=&#8220;27&#8243; columns=&#8220;4&#8243;][\/ilightbox]<\/p>\n","protected":false},"excerpt":{"rendered":"<p>Zum Abschluss ihrer Schulzeit am Ostarrichi-Gymnasium Amstetten<\/p>\n","protected":false},"author":1,"featured_media":4557,"comment_status":"closed","ping_status":"closed","sticky":false,"template":"","format":"standard","meta":{"footnotes":""},"categories":[6,3],"tags":[],"class_list":["post-4546","post","type-post","status-publish","format-standard","has-post-thumbnail","hentry","category-6","category-allgemein"],"_links":{"self":[{"href":"https:\/\/www.bgamstetten.ac.at\/index.php\/wp-json\/wp\/v2\/posts\/4546","targetHints":{"allow":["GET"]}}],"collection":[{"href":"https:\/\/www.bgamstetten.ac.at\/index.php\/wp-json\/wp\/v2\/posts"}],"about":[{"href":"https:\/\/www.bgamstetten.ac.at\/index.php\/wp-json\/wp\/v2\/types\/post"}],"author":[{"embeddable":true,"href":"https:\/\/www.bgamstetten.ac.at\/index.php\/wp-json\/wp\/v2\/users\/1"}],"replies":[{"embeddable":true,"href":"https:\/\/www.bgamstetten.ac.at\/index.php\/wp-json\/wp\/v2\/comments?post=4546"}],"version-history":[{"count":0,"href":"https:\/\/www.bgamstetten.ac.at\/index.php\/wp-json\/wp\/v2\/posts\/4546\/revisions"}],"wp:featuredmedia":[{"embeddable":true,"href":"https:\/\/www.bgamstetten.ac.at\/index.php\/wp-json\/"}],"wp:attachment":[{"href":"https:\/\/www.bgamstetten.ac.at\/index.php\/wp-json\/wp\/v2\/media?parent=4546"}],"wp:term":[{"taxonomy":"category","embeddable":true,"href":"https:\/\/www.bgamstetten.ac.at\/index.php\/wp-json\/wp\/v2\/categories?post=4546"},{"taxonomy":"post_tag","embeddable":true,"href":"https:\/\/www.bgamstetten.ac.at\/index.php\/wp-json\/wp\/v2\/tags?post=4546"}],"curies":[{"name":"wp","href":"https:\/\/api.w.org\/{rel}","templated":true}]}}