{"id":43942,"date":"2020-06-28T12:17:37","date_gmt":"2020-06-28T10:17:37","guid":{"rendered":"http:\/\/gymnasium-amstetten.at\/?p=43942"},"modified":"2020-06-28T12:17:37","modified_gmt":"2020-06-28T10:17:37","slug":"redewettbewerb-online","status":"publish","type":"post","link":"https:\/\/www.bgamstetten.ac.at\/index.php\/2020\/06\/28\/redewettbewerb-online\/","title":{"rendered":"Redewettbewerb &#8222;online&#8220;"},"content":{"rendered":"<style type=\"text\/css\"> \n#cmsms_row_69f5873c95269 .cmsms_row_outer_parent { \n\tpadding-top: 0px; \n} \n\n#cmsms_row_69f5873c95269 .cmsms_row_outer_parent { \n\tpadding-bottom: 50px; \n} \n\n<\/style><div id=\"cmsms_row_69f5873c95054\" class=\"cmsms_row cmsms_color_scheme_default\">\n<div class=\"cmsms_row_outer_parent\">\n<div class=\"cmsms_row_outer\">\n<div class=\"cmsms_row_inner\">\n<div class=\"cmsms_row_margin\">\n<div class=\"cmsms_column one_first\">\n<div class=\"cmsms_text\">\n<p>Am 19. Juni fand, in etwas kleinerer, spezieller Form, der diesj\u00e4hrige Redewettbewerb statt. <!--more-->Aus den Rhetorikgruppen der 6ag und 6bg traten 6 mutige Sch\u00fclerinnen und Sch\u00fcler ans &#8222;virtuelle&#8220; Rednerpult. Der Corona-Situation geschuldet, fand die Veranstaltung via Google Meet als Online-Konferenz statt. Eine kleine Gruppe der 6ag und die fachkundige Jury, bestehend aus Germanistin Mag. Julia Burger, der Vorjahressiegerin Tamara Gruber und Mag. Gottfried Fischl, konnte die Reden in der Schule mitverfolgen. Die durchwegs ansprechenden Reden, engagiert pr\u00e4sentiert von Irem Deveci (6bg), Maximilan Hofer (6bg), Alexander Klenner (6bg), Lea Lindenhofer (6ag), Patalapon Maderthaner (6ag) und Alexander Zahler, der sich der Herausforderung der Spontanrede stellte, machten es der Jury nicht leicht, zu einer Entscheidung zu kommen. F\u00fcr die Vorbereitung der Sch\u00fclerinnen und Sch\u00fcler im Fach Rhetorik zeichneten Mag. Petra Jackson-Squire und Mag. Micha Sengschmid verantwortlich. Schlie\u00dflich wurde Patalapon Maderthaner vor Maximilian Hofer und Alexander Klenner an die Spitze gereiht. Mit ihrer Rede zum Thema &#8222;Rassismus und Vorurteile&#8220; wusste sie mit eindr\u00fccklichen Beispielen und gelungener &#8222;Einbindung&#8220; des Publikums zu \u00fcberzeugen. Maximilian \u00fcberzeugte zum Thema &#8222;Umweltschutz&#8220;, w\u00e4hrend Alexander sich dem Thema &#8222;Verallgemeinerung&#8220; mit philosophischer Tiefe n\u00e4herte.<\/p>\n<p>Eine Woche sp\u00e4ter wurden den Anwesenden die Preise von Direktor Mag. Spreitz und Koordinator Mag. Sengschmid &#8222;mit geb\u00fchrendem Abstand&#8220; \u00fcberreicht.<\/p>\n<p>Herzliche Gratulation!<\/p>\n<\/div>\n<\/div>\n<\/div>\n<\/div>\n<\/div>\n<\/div>\n<\/div>\n<div id=\"cmsms_row_69f5873c95269\" class=\"cmsms_row cmsms_color_scheme_default\">\n<div class=\"cmsms_row_outer_parent\">\n<div class=\"cmsms_row_outer\">\n<div class=\"cmsms_row_inner\">\n<div class=\"cmsms_row_margin\">\n<div class=\"cmsms_column one_first\">\n<p><script type=\"text\/javascript\">jQuery(document).ready(function () { jQuery(\"#cmsms_hover_slider_69f5873c95429\").cmsmsHoverSlider( { sliderBlock : \"#cmsms_hover_slider_69f5873c95429\", sliderItems : \".cmsms_hover_slider_items\", thumbWidth : \"100\", thumbHeight : \"60\", activeSlide : 1, pauseTime : 5000, pauseOnHover : true } );} );<\/script><div id=\"cmsms_hover_slider_69f5873c95429\" class=\"cmsms_hover_slider\">\n<ul class=\"cmsms_hover_slider_items\">\n<li><figure class=\"cmsms_hover_slider_full_img\"><\/figure><\/li><\/ul>\n<\/div>\n<\/div>\n<\/div>\n<\/div>\n<\/div>\n<\/div>\n<\/div>\n\n","protected":false},"excerpt":{"rendered":"<p>Am 19. Juni fand, in etwas kleinerer, spezieller Form, der diesj\u00e4hrige Redewettbewerb statt.<\/p>\n","protected":false},"author":1,"featured_media":43946,"comment_status":"closed","ping_status":"closed","sticky":false,"template":"","format":"standard","meta":{"footnotes":""},"categories":[16,8],"tags":[],"class_list":["post-43942","post","type-post","status-publish","format-standard","has-post-thumbnail","hentry","category-16","category-sprachen"],"_links":{"self":[{"href":"https:\/\/www.bgamstetten.ac.at\/index.php\/wp-json\/wp\/v2\/posts\/43942","targetHints":{"allow":["GET"]}}],"collection":[{"href":"https:\/\/www.bgamstetten.ac.at\/index.php\/wp-json\/wp\/v2\/posts"}],"about":[{"href":"https:\/\/www.bgamstetten.ac.at\/index.php\/wp-json\/wp\/v2\/types\/post"}],"author":[{"embeddable":true,"href":"https:\/\/www.bgamstetten.ac.at\/index.php\/wp-json\/wp\/v2\/users\/1"}],"replies":[{"embeddable":true,"href":"https:\/\/www.bgamstetten.ac.at\/index.php\/wp-json\/wp\/v2\/comments?post=43942"}],"version-history":[{"count":0,"href":"https:\/\/www.bgamstetten.ac.at\/index.php\/wp-json\/wp\/v2\/posts\/43942\/revisions"}],"wp:featuredmedia":[{"embeddable":true,"href":"https:\/\/www.bgamstetten.ac.at\/index.php\/wp-json\/"}],"wp:attachment":[{"href":"https:\/\/www.bgamstetten.ac.at\/index.php\/wp-json\/wp\/v2\/media?parent=43942"}],"wp:term":[{"taxonomy":"category","embeddable":true,"href":"https:\/\/www.bgamstetten.ac.at\/index.php\/wp-json\/wp\/v2\/categories?post=43942"},{"taxonomy":"post_tag","embeddable":true,"href":"https:\/\/www.bgamstetten.ac.at\/index.php\/wp-json\/wp\/v2\/tags?post=43942"}],"curies":[{"name":"wp","href":"https:\/\/api.w.org\/{rel}","templated":true}]}}