{"id":43633,"date":"2020-03-15T14:54:16","date_gmt":"2020-03-15T12:54:16","guid":{"rendered":"http:\/\/gymnasium-amstetten.at\/?p=43633"},"modified":"2020-03-15T14:54:16","modified_gmt":"2020-03-15T12:54:16","slug":"landesmeistertitel-in-ski-cross-am-annaberg","status":"publish","type":"post","link":"https:\/\/www.bgamstetten.ac.at\/index.php\/2020\/03\/15\/landesmeistertitel-in-ski-cross-am-annaberg\/","title":{"rendered":"Landesmeistertitel in Ski-Cross am Annaberg"},"content":{"rendered":"<style type=\"text\/css\"><\/style><p>Am Mittwoch, den 11.03.2020 fanden am Annaberg die diesj\u00e4hrigen Ski-Cross Landesmeisterschaften der Schulen statt.<br \/>\nTrotz schwierigsten Voraussetzungen \u2013 wenig Schnee, Windb\u00f6en, Regen, hohe Temperaturen und Coronavirus \u2013 gaben die Veranstalter und auch wir unser bestes. Vor allem unser M\u00e4dchenteam der Oberstufe pr\u00e4sentierte sich in H\u00f6chstform und holte sich v\u00f6llig verdient den Landesmeistertitel. <\/p>\n<p>Nachdem Linda Leichtfried leider ein paar Tage zuvor erkrankte, \u00fcbernahm ZARL Elisabeth in ihrer Comeback-Saison nach \u00fcberstandener Ellbogenverletzung die Alpha-Position in ihrem Team und zog die insgesamt zweitschnellste Zeit (46,51) von allen M\u00e4dchen in den Schnee (ausgenommen Schulen mit Ski-Schwerpunkt). Dicht dahinter im Windschatten befanden sich BREINL Hannah (47,66), WAGNER Katrin (48,05) und KREMSLEHNER Luisa (48,99) und ebneten somit den Weg zum nieder\u00f6sterreichischen Landesmeistertitel 2020. <\/p>\n<p>Dass die richtige Spurwahl nicht selbstverst\u00e4ndlich ist, mussten einige Teams und Athleten sehr schmerzhaft erfahren, in dem sie an einem Tor nach einem Sprung vorbeifuhren.  So auch unser m\u00e4nnliches Team aus der Unterstufe, welches trotz sehr gewissenhafter und richtiger Besichtigung leider teilweise auf der falschen Seite des Tores vorbeifuhr und somit im Kampf um einen m\u00f6glichen Platz am Siegerpodest disqualifiziert wurde. Dies schmerzte nicht nur die Athleten G\u00d6BL Gabriel, WALTER Paul, TSCHAK Paul und HAIMBERGER Fabian, sondern nat\u00fcrlich auch deren Betreuer Mag. Lahmer Andreas und Mag. Steindl Gerald sehr. <\/p>\n<p>Auch die weiteren TeilnehmerInnen unserer Schule bewiesen mit engagierten Fahrten ihren Mut und ihr K\u00f6nnen, mussten aber schlussendlich die erhofften Podestpl\u00e4tze der starken und teilweise \u00e4lteren Konkurrenz aus den anderen Schulen \u00fcberlassen. <\/p>\n<p>Nichtsdestotrotz freuen wir uns alle gemeinsam \u00fcber den erreichten Landemeistertitel, wodurch der gro\u00dfe Einsatz und das Engagement der Rennl\u00e4uferInnen, der Trainer und des ESV Amstetten schlussendlich doch noch belohnt wurde. <\/p>\n<p style=\"text-align: right;\">Mag. Andreas Lahmer<\/p>\n<p><div class=\"cmsms_gallery\">\n<ul>\n<li class=\"one_fourth\">\n<figure><a href=\"\" rel=\"ilightbox[69f5834eafb55]\"><\/a><\/figure><\/li>\n<li class=\"one_fourth\">\n<figure><a href=\"\" rel=\"ilightbox[69f5834eafb55]\"><\/a><\/figure><\/li>\n<li class=\"one_fourth\">\n<figure><a href=\"\" rel=\"ilightbox[69f5834eafb55]\"><\/a><\/figure><\/li>\n<li class=\"one_fourth\">\n<figure><a href=\"\" rel=\"ilightbox[69f5834eafb55]\"><\/a><\/figure><\/li>\n<\/ul>\n<\/div>\n<div class=\"cmsms_text\">\n<\/div>\n<\/p>\n<p><a href=\"http:\/\/gymnasium-amstetten.at\/wp-content\/uploads\/2020\/03\/Ergebnis_Oberstufe.pdf\" target=\"_blank\" rel=\"noopener\">Ergebnis Oberstufe<\/a><\/p>\n<p><a href=\"http:\/\/gymnasium-amstetten.at\/wp-content\/uploads\/2020\/03\/Ergebnis_Unterstufe.pdf\" target=\"_blank\" rel=\"noopener\">Ergebnis Unterstufe<\/a><\/p>\n","protected":false},"excerpt":{"rendered":"<p>Am Mittwoch, den 11.03.2020 fanden am Annaberg die diesj\u00e4hrigen Ski-Cross Landesmeisterschaften der Schulen statt. Trotz schwierigsten Voraussetzungen \u2013 wenig Schnee, Windb\u00f6en, Regen, hohe Temperaturen und Coronavirus \u2013 gaben die Veranstalter und auch wir unser bestes. Vor allem unser M\u00e4dchenteam der Oberstufe pr\u00e4sentierte sich in H\u00f6chstform und holte sich v\u00f6llig verdient den Landesmeistertitel. Nachdem Linda Leichtfried&#8230;<\/p>\n","protected":false},"author":1,"featured_media":43658,"comment_status":"closed","ping_status":"closed","sticky":false,"template":"","format":"standard","meta":{"footnotes":""},"categories":[16,3],"tags":[],"class_list":["post-43633","post","type-post","status-publish","format-standard","has-post-thumbnail","hentry","category-16","category-allgemein"],"_links":{"self":[{"href":"https:\/\/www.bgamstetten.ac.at\/index.php\/wp-json\/wp\/v2\/posts\/43633","targetHints":{"allow":["GET"]}}],"collection":[{"href":"https:\/\/www.bgamstetten.ac.at\/index.php\/wp-json\/wp\/v2\/posts"}],"about":[{"href":"https:\/\/www.bgamstetten.ac.at\/index.php\/wp-json\/wp\/v2\/types\/post"}],"author":[{"embeddable":true,"href":"https:\/\/www.bgamstetten.ac.at\/index.php\/wp-json\/wp\/v2\/users\/1"}],"replies":[{"embeddable":true,"href":"https:\/\/www.bgamstetten.ac.at\/index.php\/wp-json\/wp\/v2\/comments?post=43633"}],"version-history":[{"count":0,"href":"https:\/\/www.bgamstetten.ac.at\/index.php\/wp-json\/wp\/v2\/posts\/43633\/revisions"}],"wp:featuredmedia":[{"embeddable":true,"href":"https:\/\/www.bgamstetten.ac.at\/index.php\/wp-json\/"}],"wp:attachment":[{"href":"https:\/\/www.bgamstetten.ac.at\/index.php\/wp-json\/wp\/v2\/media?parent=43633"}],"wp:term":[{"taxonomy":"category","embeddable":true,"href":"https:\/\/www.bgamstetten.ac.at\/index.php\/wp-json\/wp\/v2\/categories?post=43633"},{"taxonomy":"post_tag","embeddable":true,"href":"https:\/\/www.bgamstetten.ac.at\/index.php\/wp-json\/wp\/v2\/tags?post=43633"}],"curies":[{"name":"wp","href":"https:\/\/api.w.org\/{rel}","templated":true}]}}