{"id":43331,"date":"2020-02-29T09:18:49","date_gmt":"2020-02-29T07:18:49","guid":{"rendered":"http:\/\/gymnasium-amstetten.at\/?p=43331"},"modified":"2020-02-29T09:18:49","modified_gmt":"2020-02-29T07:18:49","slug":"winterschool-is-cool","status":"publish","type":"post","link":"https:\/\/www.bgamstetten.ac.at\/index.php\/2020\/02\/29\/winterschool-is-cool\/","title":{"rendered":"Winterschool is cool!"},"content":{"rendered":"<style type=\"text\/css\"><\/style><div id=\"cmsms_row_69f59503da372\" class=\"cmsms_row cmsms_color_scheme_default\">\n<div class=\"cmsms_row_outer_parent\">\n<div class=\"cmsms_row_outer\">\n<div class=\"cmsms_row_inner\">\n<div class=\"cmsms_row_margin\">\n<div class=\"cmsms_column one_first\">\n<div class=\"cmsms_text\">\n<p>\u201e<em>English Only<\/em>\u201c \u2013 das war das Motto f\u00fcr 111 Sch\u00fclerinnen und Sch\u00fcler der zweiten Klassen von Montag 24. Februar bis Freitag 28. Februar 2020. Es war wieder einmal Zeit f\u00fcr unsere traditionelle \u201e<em>Winterschool<\/em>\u201c.<!--more--><\/p>\n<p>Das 8-k\u00f6pfige Lehrerteam von <em>English in Action<\/em> aus Gro\u00dfbritannien spornte die Zweitkl\u00e4ssler unserer Schule mit spielerischen und kreativen Ans\u00e4tzen zu H\u00f6chstleistungen an. In den acht Kleingruppen wurde t\u00e4glich von 7:25 Uhr bis 12:55 Uhr intensiv gearbeitet und English gelernt.<\/p>\n<p>Viel zu rasch verflog die Zeit und am Freitag konnten sich Eltern und Verwandte pers\u00f6nlich davon \u00fcberzeugen, wie engagiert ihre Kinder gearbeitete hatten: Alle Zweitkl\u00e4ssler zeigten voller Stolz das Gelernte in Form von Kurzp\u00e4sentationen, kleinen Auff\u00fchrungen und Sketchen, die vereinzelt sogar musikalische und t\u00e4nzerische Einlagen beinhalteten! Die Eltern der Sch\u00fclerinnen und Sch\u00fclern waren begeistert, welches kreative Potential hier freigelegt wurde!<\/p>\n<p>Damit endete das Projekt Winterschool im Jahr 2020. Das Lehrerteam aus Gro\u00dfbritannien zeigte sich vom sprachlichen Niveau unserer Sch\u00fclerinnen und Sch\u00fcler begeistert und hob deren gro\u00dfes Engagement hervor. Zu guter Letzt gilt unser Dank dem Lehrerteam aus Gro\u00dfbritannien: <em>David Wilks (Leiter), Elsbeth, Oliver, Mark, Gregory, Edward, Bernadette, Emma sowie Doug<\/em>.<\/p>\n<p style=\"text-align: right;\">Mag. Mario Rauchenbichler<\/p>\n<p style=\"text-align: center;\">\n<\/div>\n<div class=\"cmsms_gallery\">\n<ul>\n<li class=\"one_fourth\">\n<figure><a href=\"\" rel=\"ilightbox[69f59503da5aa]\"><\/a><\/figure><\/li>\n<li class=\"one_fourth\">\n<figure><a href=\"\" rel=\"ilightbox[69f59503da5aa]\"><\/a><\/figure><\/li>\n<li class=\"one_fourth\">\n<figure><a href=\"\" rel=\"ilightbox[69f59503da5aa]\"><\/a><\/figure><\/li>\n<li class=\"one_fourth\">\n<figure><a href=\"\" rel=\"ilightbox[69f59503da5aa]\"><\/a><\/figure><\/li>\n<li class=\"one_fourth\">\n<figure><a href=\"\" rel=\"ilightbox[69f59503da5aa]\"><\/a><\/figure><\/li>\n<li class=\"one_fourth\">\n<figure><a href=\"\" rel=\"ilightbox[69f59503da5aa]\"><\/a><\/figure><\/li>\n<li class=\"one_fourth\">\n<figure><a href=\"\" rel=\"ilightbox[69f59503da5aa]\"><\/a><\/figure><\/li>\n<li class=\"one_fourth\">\n<figure><a href=\"\" rel=\"ilightbox[69f59503da5aa]\"><\/a><\/figure><\/li>\n<li class=\"one_fourth\">\n<figure><a href=\"\" rel=\"ilightbox[69f59503da5aa]\"><\/a><\/figure><\/li>\n<li class=\"one_fourth\">\n<figure><a href=\"\" rel=\"ilightbox[69f59503da5aa]\"><\/a><\/figure><\/li>\n<\/ul>\n<\/div>\n<div class=\"cmsms_text\">\n<p>&nbsp;<\/p>\n<p>&nbsp;<\/p>\n<\/div>\n<\/div>\n<\/div>\n<\/div>\n<\/div>\n<\/div>\n<\/div>\n\n","protected":false},"excerpt":{"rendered":"<p>\u201eEnglish Only\u201c \u2013 das war das Motto f\u00fcr 111 Sch\u00fclerinnen und Sch\u00fcler der zweiten Klassen von Montag 24. Februar bis Freitag 28. Februar 2020. Es war wieder einmal Zeit f\u00fcr unsere traditionelle \u201eWinterschool\u201c.<\/p>\n","protected":false},"author":1,"featured_media":43334,"comment_status":"closed","ping_status":"closed","sticky":false,"template":"","format":"standard","meta":{"footnotes":""},"categories":[16,8],"tags":[],"class_list":["post-43331","post","type-post","status-publish","format-standard","has-post-thumbnail","hentry","category-16","category-sprachen"],"_links":{"self":[{"href":"https:\/\/www.bgamstetten.ac.at\/index.php\/wp-json\/wp\/v2\/posts\/43331","targetHints":{"allow":["GET"]}}],"collection":[{"href":"https:\/\/www.bgamstetten.ac.at\/index.php\/wp-json\/wp\/v2\/posts"}],"about":[{"href":"https:\/\/www.bgamstetten.ac.at\/index.php\/wp-json\/wp\/v2\/types\/post"}],"author":[{"embeddable":true,"href":"https:\/\/www.bgamstetten.ac.at\/index.php\/wp-json\/wp\/v2\/users\/1"}],"replies":[{"embeddable":true,"href":"https:\/\/www.bgamstetten.ac.at\/index.php\/wp-json\/wp\/v2\/comments?post=43331"}],"version-history":[{"count":0,"href":"https:\/\/www.bgamstetten.ac.at\/index.php\/wp-json\/wp\/v2\/posts\/43331\/revisions"}],"wp:featuredmedia":[{"embeddable":true,"href":"https:\/\/www.bgamstetten.ac.at\/index.php\/wp-json\/"}],"wp:attachment":[{"href":"https:\/\/www.bgamstetten.ac.at\/index.php\/wp-json\/wp\/v2\/media?parent=43331"}],"wp:term":[{"taxonomy":"category","embeddable":true,"href":"https:\/\/www.bgamstetten.ac.at\/index.php\/wp-json\/wp\/v2\/categories?post=43331"},{"taxonomy":"post_tag","embeddable":true,"href":"https:\/\/www.bgamstetten.ac.at\/index.php\/wp-json\/wp\/v2\/tags?post=43331"}],"curies":[{"name":"wp","href":"https:\/\/api.w.org\/{rel}","templated":true}]}}