{"id":43298,"date":"2020-02-28T17:21:53","date_gmt":"2020-02-28T15:21:53","guid":{"rendered":"http:\/\/gymnasium-amstetten.at\/?p=43298"},"modified":"2020-02-28T17:21:53","modified_gmt":"2020-02-28T15:21:53","slug":"andalusien-und-chile-zu-gast-am-bg-brg-amstetten","status":"publish","type":"post","link":"https:\/\/www.bgamstetten.ac.at\/index.php\/2020\/02\/28\/andalusien-und-chile-zu-gast-am-bg-brg-amstetten\/","title":{"rendered":"Andalusien und Chile zu Gast am BG\/BRG Amstetten"},"content":{"rendered":"<style type=\"text\/css\"><\/style><p>Auch heuer fand am Ostarrichi Gymnasium wieder das bew\u00e4hrte Encuentro Espa\u00f1ol statt, im Rahmen dessen ein andalusischer Lehrer aus der wunderbaren Stadt Sevilla den Sprach- und Informatikzweig der 7. Klassen eine Woche lang in Spanisch unterrichtete. <!--more-->Die Spanischlehrerin Elisabeth Hofer l\u00e4dt zu diesem Anlass immer den weit gereisten und charmanten Carlos Guerrero Ruiz ein, der bei den Sch\u00fclerInnen mit zahlreichen Aktivit\u00e4ten vor allem die m\u00fcndliche Kommunikationsf\u00e4higkeit und Kreativit\u00e4t f\u00f6rdert. Der sehr praktisch angelegte Landes- und Kulturkundeunterricht beinhaltete heuer abermals neben vielen aktuellen Themen und Rollenspielen auch durch moderne Medien unterst\u00fctzte Arbeitssequenzen.<\/p>\n<p>Da dieses Sprachentreffen immer von einer kulturell gepr\u00e4gten Nachmittagsveranstaltung begleitet wird, gab es auch diesmal wieder einen besonders interessanten Gast am Gymnasium.<\/p>\n<p>Miriam Patricia Mora Vidal, die seit 15 Jahren in Amstetten lebt und vorher in Concepci\u00f3n als Sozialarbeiterin t\u00e4tig war, hielt am 27. Februar f\u00fcr die Wahlpflichtgruppe 8a und die Teilnehmer des Encuentros einen Vortrag in ihrer Muttersprache \u00fcber ihr Heimatland Chile. Da \u00d6sterreich aus dem fernen Chile immer nur sehr wenige Nachrichten erreichen, ist es f\u00fcr uns umso interessanter, etwas \u00fcber dieses Land zu erfahren. \u00a0Miriam pr\u00e4sentierte Fotos, landestypische Alltagsgegenst\u00e4nde und sprach \u00fcber Gewohnheiten und Feste dieses abgelegenen und exotischen Landes. Der Schwerpunkt des Besuchs lag auf landes- und kulturkundlichen Aspekten und beinhaltete kulinarische Kostproben. Alle Sch\u00fclerInnen durften im Rahmen des Besuchs eine selbst gemachte gef\u00fcllte Teigtasche, eine Empanada, kosten. So l\u00e4sst man sich gerne in die bunte und vielf\u00e4ltige Welt des Spanischen entf\u00fchren&#8230;.<\/p>\n<p style=\"text-align: right;\">Dr. Elisabeth Hofer<\/p>\n<p style=\"text-align: center;\"><div class=\"cmsms_gallery\">\n<ul>\n<li class=\"one_fourth\">\n<figure><a href=\"\" rel=\"ilightbox[69f5aaa371ee1]\"><\/a><\/figure><\/li>\n<li class=\"one_fourth\">\n<figure><a href=\"\" rel=\"ilightbox[69f5aaa371ee1]\"><\/a><\/figure><\/li>\n<li class=\"one_fourth\">\n<figure><a href=\"\" rel=\"ilightbox[69f5aaa371ee1]\"><\/a><\/figure><\/li>\n<li class=\"one_fourth\">\n<figure><a href=\"\" rel=\"ilightbox[69f5aaa371ee1]\"><\/a><\/figure><\/li>\n<li class=\"one_fourth\">\n<figure><a href=\"\" rel=\"ilightbox[69f5aaa371ee1]\"><\/a><\/figure><\/li>\n<li class=\"one_fourth\">\n<figure><a href=\"\" rel=\"ilightbox[69f5aaa371ee1]\"><\/a><\/figure><\/li>\n<li class=\"one_fourth\">\n<figure><a href=\"\" rel=\"ilightbox[69f5aaa371ee1]\"><\/a><\/figure><\/li>\n<li class=\"one_fourth\">\n<figure><a href=\"\" rel=\"ilightbox[69f5aaa371ee1]\"><\/a><\/figure><\/li>\n<li class=\"one_fourth\">\n<figure><a href=\"\" rel=\"ilightbox[69f5aaa371ee1]\"><\/a><\/figure><\/li>\n<li class=\"one_fourth\">\n<figure><a href=\"\" rel=\"ilightbox[69f5aaa371ee1]\"><\/a><\/figure><\/li>\n<li class=\"one_fourth\">\n<figure><a href=\"\" rel=\"ilightbox[69f5aaa371ee1]\"><\/a><\/figure><\/li>\n<li class=\"one_fourth\">\n<figure><a href=\"\" rel=\"ilightbox[69f5aaa371ee1]\"><\/a><\/figure><\/li>\n<li class=\"one_fourth\">\n<figure><a href=\"\" rel=\"ilightbox[69f5aaa371ee1]\"><\/a><\/figure><\/li>\n<li class=\"one_fourth\">\n<figure><a href=\"\" rel=\"ilightbox[69f5aaa371ee1]\"><\/a><\/figure><\/li>\n<li class=\"one_fourth\">\n<figure><a href=\"\" rel=\"ilightbox[69f5aaa371ee1]\"><\/a><\/figure><\/li>\n<li class=\"one_fourth\">\n<figure><a href=\"\" rel=\"ilightbox[69f5aaa371ee1]\"><\/a><\/figure><\/li>\n<li class=\"one_fourth\">\n<figure><a href=\"\" rel=\"ilightbox[69f5aaa371ee1]\"><\/a><\/figure><\/li>\n<\/ul>\n<\/div>\n<\/p>\n","protected":false},"excerpt":{"rendered":"<p>Auch heuer fand am Ostarrichi Gymnasium wieder das bew\u00e4hrte Encuentro Espa\u00f1ol statt, im Rahmen dessen ein andalusischer Lehrer aus der wunderbaren Stadt Sevilla den Sprach- und Informatikzweig der 7. Klassen eine Woche lang in Spanisch unterrichtete.<\/p>\n","protected":false},"author":1,"featured_media":43300,"comment_status":"closed","ping_status":"closed","sticky":false,"template":"","format":"standard","meta":{"footnotes":""},"categories":[16,8],"tags":[],"class_list":["post-43298","post","type-post","status-publish","format-standard","has-post-thumbnail","hentry","category-16","category-sprachen"],"_links":{"self":[{"href":"https:\/\/www.bgamstetten.ac.at\/index.php\/wp-json\/wp\/v2\/posts\/43298","targetHints":{"allow":["GET"]}}],"collection":[{"href":"https:\/\/www.bgamstetten.ac.at\/index.php\/wp-json\/wp\/v2\/posts"}],"about":[{"href":"https:\/\/www.bgamstetten.ac.at\/index.php\/wp-json\/wp\/v2\/types\/post"}],"author":[{"embeddable":true,"href":"https:\/\/www.bgamstetten.ac.at\/index.php\/wp-json\/wp\/v2\/users\/1"}],"replies":[{"embeddable":true,"href":"https:\/\/www.bgamstetten.ac.at\/index.php\/wp-json\/wp\/v2\/comments?post=43298"}],"version-history":[{"count":0,"href":"https:\/\/www.bgamstetten.ac.at\/index.php\/wp-json\/wp\/v2\/posts\/43298\/revisions"}],"wp:featuredmedia":[{"embeddable":true,"href":"https:\/\/www.bgamstetten.ac.at\/index.php\/wp-json\/"}],"wp:attachment":[{"href":"https:\/\/www.bgamstetten.ac.at\/index.php\/wp-json\/wp\/v2\/media?parent=43298"}],"wp:term":[{"taxonomy":"category","embeddable":true,"href":"https:\/\/www.bgamstetten.ac.at\/index.php\/wp-json\/wp\/v2\/categories?post=43298"},{"taxonomy":"post_tag","embeddable":true,"href":"https:\/\/www.bgamstetten.ac.at\/index.php\/wp-json\/wp\/v2\/tags?post=43298"}],"curies":[{"name":"wp","href":"https:\/\/api.w.org\/{rel}","templated":true}]}}