{"id":42968,"date":"2020-02-16T19:09:42","date_gmt":"2020-02-16T17:09:42","guid":{"rendered":"http:\/\/gymnasium-amstetten.at\/?p=42968"},"modified":"2020-02-16T19:09:42","modified_gmt":"2020-02-16T17:09:42","slug":"exkursion-der-3c-ins-druckerzentrum-wien","status":"publish","type":"post","link":"https:\/\/www.bgamstetten.ac.at\/index.php\/2020\/02\/16\/exkursion-der-3c-ins-druckerzentrum-wien\/","title":{"rendered":"Exkursion der 3C ins Druckerzentrum Wien"},"content":{"rendered":"<style type=\"text\/css\"><\/style><p>Nach eingehender Besch\u00e4ftigung mit Zeitungen im Deutschunterricht konnte die 3C Klasse am 21. 1. 2020 im Druckerzentrum Wien-Inzersdorf live den Druck der N\u00d6N verfolgen.<!--more--><\/p>\n<p>Zun\u00e4chst besch\u00e4ftigten sich die Sch\u00fclerinnen und Sch\u00fcler in einem Workshop mit der Analyse von Titelseiten, Headlines, verschiedenen Textsorten in Tageszeitungen und der Verbreitung der Printmedien. Die M\u00e4dchen und Buben hatten auch die Gelegenheit, selbst ein Interview zu f\u00fchren. Mit Feuereifer widmeten sie sich ihren Aufgaben und hatten sichtlich Spa\u00df am Entdecken ihrer Kreativit\u00e4t.<\/p>\n<p>Im Anschluss an den Workshop erhielt die 3C Einblicke in technische Abl\u00e4ufe bei der Produktion einer Zeitung. Staunen riefen besonders das Papierlager und die mehrere St\u00f6cke umfassende Druckanlage hervor.<\/p>\n<p>Den Tag rundete schlie\u00dflich noch eine Backstagef\u00fchrung im ORF-Zentrum ab, ehe sich die Klasse wieder auf den Weg nach Hause machte.<\/p>\n<p style=\"text-align: right;\">\u00a0\u00a0\u00a0\u00a0\u00a0\u00a0\u00a0\u00a0\u00a0\u00a0\u00a0\u00a0\u00a0\u00a0\u00a0\u00a0\u00a0\u00a0\u00a0\u00a0\u00a0\u00a0\u00a0\u00a0\u00a0\u00a0\u00a0\u00a0\u00a0\u00a0\u00a0\u00a0\u00a0\u00a0\u00a0\u00a0\u00a0\u00a0\u00a0\u00a0\u00a0\u00a0\u00a0\u00a0\u00a0\u00a0\u00a0\u00a0\u00a0\u00a0\u00a0\u00a0\u00a0\u00a0\u00a0\u00a0\u00a0\u00a0\u00a0\u00a0\u00a0\u00a0\u00a0\u00a0\u00a0\u00a0\u00a0\u00a0\u00a0\u00a0\u00a0\u00a0 \u00a0\u00a0\u00a0\u00a0\u00a0\u00a0\u00a0\u00a0\u00a0\u00a0\u00a0\u00a0\u00a0Mag Barbara Kusolitsch<\/p>\n<p style=\"text-align: center;\"><div class=\"cmsms_gallery\">\n<ul>\n<li class=\"one_fourth\">\n<figure><a href=\"\" rel=\"ilightbox[69f56f91c173f]\"><\/a><\/figure><\/li>\n<li class=\"one_fourth\">\n<figure><a href=\"\" rel=\"ilightbox[69f56f91c173f]\"><\/a><\/figure><\/li>\n<li class=\"one_fourth\">\n<figure><a href=\"\" rel=\"ilightbox[69f56f91c173f]\"><\/a><\/figure><\/li>\n<li class=\"one_fourth\">\n<figure><a href=\"\" rel=\"ilightbox[69f56f91c173f]\"><\/a><\/figure><\/li>\n<li class=\"one_fourth\">\n<figure><a href=\"\" rel=\"ilightbox[69f56f91c173f]\"><\/a><\/figure><\/li>\n<li class=\"one_fourth\">\n<figure><a href=\"\" rel=\"ilightbox[69f56f91c173f]\"><\/a><\/figure><\/li>\n<\/ul>\n<\/div>\n<\/p>\n","protected":false},"excerpt":{"rendered":"<p>Nach eingehender Besch\u00e4ftigung mit Zeitungen im Deutschunterricht konnte die 3C Klasse am 21. 1. 2020 im Druckerzentrum Wien-Inzersdorf live den Druck der N\u00d6N verfolgen.<\/p>\n","protected":false},"author":1,"featured_media":42970,"comment_status":"closed","ping_status":"closed","sticky":false,"template":"","format":"standard","meta":{"footnotes":""},"categories":[16,15],"tags":[],"class_list":["post-42968","post","type-post","status-publish","format-standard","has-post-thumbnail","hentry","category-16","category-wirtschaft-und-gesellschaft"],"_links":{"self":[{"href":"https:\/\/www.bgamstetten.ac.at\/index.php\/wp-json\/wp\/v2\/posts\/42968","targetHints":{"allow":["GET"]}}],"collection":[{"href":"https:\/\/www.bgamstetten.ac.at\/index.php\/wp-json\/wp\/v2\/posts"}],"about":[{"href":"https:\/\/www.bgamstetten.ac.at\/index.php\/wp-json\/wp\/v2\/types\/post"}],"author":[{"embeddable":true,"href":"https:\/\/www.bgamstetten.ac.at\/index.php\/wp-json\/wp\/v2\/users\/1"}],"replies":[{"embeddable":true,"href":"https:\/\/www.bgamstetten.ac.at\/index.php\/wp-json\/wp\/v2\/comments?post=42968"}],"version-history":[{"count":0,"href":"https:\/\/www.bgamstetten.ac.at\/index.php\/wp-json\/wp\/v2\/posts\/42968\/revisions"}],"wp:featuredmedia":[{"embeddable":true,"href":"https:\/\/www.bgamstetten.ac.at\/index.php\/wp-json\/"}],"wp:attachment":[{"href":"https:\/\/www.bgamstetten.ac.at\/index.php\/wp-json\/wp\/v2\/media?parent=42968"}],"wp:term":[{"taxonomy":"category","embeddable":true,"href":"https:\/\/www.bgamstetten.ac.at\/index.php\/wp-json\/wp\/v2\/categories?post=42968"},{"taxonomy":"post_tag","embeddable":true,"href":"https:\/\/www.bgamstetten.ac.at\/index.php\/wp-json\/wp\/v2\/tags?post=42968"}],"curies":[{"name":"wp","href":"https:\/\/api.w.org\/{rel}","templated":true}]}}