{"id":42818,"date":"2020-02-12T16:59:39","date_gmt":"2020-02-12T14:59:39","guid":{"rendered":"http:\/\/gymnasium-amstetten.at\/?p=42818"},"modified":"2020-02-12T16:59:39","modified_gmt":"2020-02-12T14:59:39","slug":"aktivitaeten-aus-latein-plus-im-sprachlichen-schwerpunkt-in-der-unterstufe","status":"publish","type":"post","link":"https:\/\/www.bgamstetten.ac.at\/index.php\/2020\/02\/12\/aktivitaeten-aus-latein-plus-im-sprachlichen-schwerpunkt-in-der-unterstufe\/","title":{"rendered":"Aktivit\u00e4ten aus \u201eLatein Plus\u201c im sprachlichen Schwerpunkt in der Unterstufe"},"content":{"rendered":"<style type=\"text\/css\"><\/style><div id=\"cmsms_row_69f0ee2e98e63\" class=\"cmsms_row cmsms_color_scheme_default\">\n<div class=\"cmsms_row_outer_parent\">\n<div class=\"cmsms_row_outer\">\n<div class=\"cmsms_row_inner\">\n<div class=\"cmsms_row_margin\">\n<\/div>\n<\/div>\n<\/div>\n<\/div>\n<\/div>\n<div class=\"cmsms_column one_first\">\n<\/div>\n<div class=\"cmsms_text\">\n<\/div>\n<\/p>\n<p>\u201eLatein Plus\u201c ist das neu geschaffene Erweiterungsfach, das den Schwerpunkt \u201eSprache und Kommunikation\u201c in der dritten Klasse bereichert. <!--more-->Es bietet den Sch\u00fcler\/innen die M\u00f6glichkeit, sich kreativ mit Inhalten des Lateinunterrichts zu besch\u00e4ftigen und so ihre Kenntnisse in verschiedenen Teilbereichen zu erweitern.<\/p>\n<p>Zu Beginn des Jahres durchforsteten die Sch\u00fcler\/innen Werbeprospekte, um darin mit Hilfe des W\u00f6rterbuches das Fortleben des Lateinischen in unserer Zeit festzustellen. Sie hatten viel Freude beim Schnipseln und Gestalten der bunten und vielf\u00e4ltigen Plakate.<\/p>\n<p>Durch die Nutzung von interaktiven \u00dcbungen im digitalen Schulbuch \u201e<em>scook<\/em>\u201c vertieften die Sch\u00fcler\/innen nicht nur Inhalte aus dem Regelfach, sondern es wurde damit gleichzeitig ein Beitrag zur digitalen Grundbildung geleistet.<\/p>\n<p>Referate zu selbstgew\u00e4hlten Themen aus den Bereichen Alltag im Alten Rom und Mythologie, erg\u00e4nzende Filme und H\u00f6rb\u00fccher sowie Vokabelspiele rundeten das erste Semester in \u201eLatein Plus\u201c ab.<\/p>\n<p style=\"text-align: right;\">Mag. Dominik Buchmeier und Mag. Kurt Marcik BA<\/p>\n<p style=\"text-align: center;\"><div class=\"content_slider_wrap\" style=\"max-width:px;\">\n<script type=\"text\/javascript\">jQuery(document).ready(function () { jQuery(\"#cmsms_slider_69f0ee2e99267.content_slider\").owlCarousel( { singleItem : true, transitionStyle: false, rewindSpeed : 1000, slideSpeed : 600, autoHeight : true, paginationSpeed : \t600, autoPlay : 7000,stopOnHover: true, navigationText : \t[ \"<span class=\\\"cmsms_prev_arrow\\\"><\/span>\", \"<span class=\\\"cmsms_next_arrow\\\"><\/span>\" ] } );} );<\/script>\n<div id=\"cmsms_slider_69f0ee2e99267\" class=\"content_slider owl-carousel\">\n<div class=\"item\"><\/div><div class=\"item\"><\/div><div class=\"item\"><\/div><div class=\"item\"><\/div><div class=\"item\"><\/div><div class=\"item\"><\/div><\/div>\n<\/div>\n<\/p>\n","protected":false},"excerpt":{"rendered":"<p>\u201eLatein Plus\u201c ist das neu geschaffene Erweiterungsfach, das den Schwerpunkt \u201eSprache und Kommunikation\u201c in der dritten Klasse bereichert.<\/p>\n","protected":false},"author":1,"featured_media":42820,"comment_status":"closed","ping_status":"closed","sticky":false,"template":"","format":"standard","meta":{"footnotes":""},"categories":[16,13,8],"tags":[],"class_list":["post-42818","post","type-post","status-publish","format-standard","has-post-thumbnail","hentry","category-16","category-aktuelles","category-sprachen"],"_links":{"self":[{"href":"https:\/\/www.bgamstetten.ac.at\/index.php\/wp-json\/wp\/v2\/posts\/42818","targetHints":{"allow":["GET"]}}],"collection":[{"href":"https:\/\/www.bgamstetten.ac.at\/index.php\/wp-json\/wp\/v2\/posts"}],"about":[{"href":"https:\/\/www.bgamstetten.ac.at\/index.php\/wp-json\/wp\/v2\/types\/post"}],"author":[{"embeddable":true,"href":"https:\/\/www.bgamstetten.ac.at\/index.php\/wp-json\/wp\/v2\/users\/1"}],"replies":[{"embeddable":true,"href":"https:\/\/www.bgamstetten.ac.at\/index.php\/wp-json\/wp\/v2\/comments?post=42818"}],"version-history":[{"count":0,"href":"https:\/\/www.bgamstetten.ac.at\/index.php\/wp-json\/wp\/v2\/posts\/42818\/revisions"}],"wp:featuredmedia":[{"embeddable":true,"href":"https:\/\/www.bgamstetten.ac.at\/index.php\/wp-json\/"}],"wp:attachment":[{"href":"https:\/\/www.bgamstetten.ac.at\/index.php\/wp-json\/wp\/v2\/media?parent=42818"}],"wp:term":[{"taxonomy":"category","embeddable":true,"href":"https:\/\/www.bgamstetten.ac.at\/index.php\/wp-json\/wp\/v2\/categories?post=42818"},{"taxonomy":"post_tag","embeddable":true,"href":"https:\/\/www.bgamstetten.ac.at\/index.php\/wp-json\/wp\/v2\/tags?post=42818"}],"curies":[{"name":"wp","href":"https:\/\/api.w.org\/{rel}","templated":true}]}}