{"id":42434,"date":"2020-01-05T22:12:23","date_gmt":"2020-01-05T20:12:23","guid":{"rendered":"http:\/\/gymnasium-amstetten.at\/?p=42434"},"modified":"2020-01-05T22:12:23","modified_gmt":"2020-01-05T20:12:23","slug":"europaeischer-computer-fuehrerschein-ecdl-am-bg-brg-amstetten","status":"publish","type":"post","link":"https:\/\/www.bgamstetten.ac.at\/index.php\/2020\/01\/05\/europaeischer-computer-fuehrerschein-ecdl-am-bg-brg-amstetten\/","title":{"rendered":"Europ\u00e4ischer Computer F\u00fchrerschein ECDL am BG\/BRG Amstetten"},"content":{"rendered":"<style type=\"text\/css\"><\/style><p>Unsere Schule bietet seit zwei Jahren den <strong>ECDL (Europ\u00e4ischer Computerf\u00fchrerschein)<\/strong> an. Unsere Sch\u00fclerinnen und Sch\u00fcler k\u00f6nnen nun<br \/>\nin der Schule dieses Zertifikat erwerben. <!--more-->Mehr Infos siehe <strong><a href=\"https:\/\/www.ecdl.at\/de\/schule\" target=\"_blank\" rel=\"noopener\">https:\/\/www.ecdl.at\/de\/schule<\/a> <\/strong><\/p>\n<p>Ihre Kinder werden in der <strong>Unverbindlichen \u00dcbung Informatik INFO (1. Klasse, 2.\u00a0und 3.\u00a0Klasse) <\/strong>die notwendigen Grundlagen<br \/>\nf\u00fcr die Ablegung der Basis-Pr\u00fcfungen f\u00fcr den <strong>ECDL Profile<\/strong> (Computergrundlagen, Online Grundlagen, Word, Excel, Power Point) lernen. Im n\u00e4chsten Schuljahr wollen wir das Angebot erweitern und die restlichen zwei Module (IT-Security und Bildbearbeitung) f\u00fcr den kompletten <strong>ECDL Standard<\/strong> anbieten. Die Kosten f\u00fcr die Skills Card (= Pr\u00fcfungspass) betragen einmalig 37,00\u00a0\u20ac und f\u00fcr jede Modul-Pr\u00fcfung je 15,00 \u00a0\u20ac.<\/p>\n<p>Ihr Kind kann <strong>ab der zweiten Klasse Pr\u00fcfungen<\/strong> <strong>ablegen.<\/strong> Die Sch\u00fclerinnen und Sch\u00fcler werden in der Unverbindlichen \u00dcbung INFO auf eine m\u00f6gliche Pr\u00fcfung\u00a0 durch sogenannte Diagnosetests (Probetest) vorbereitet.<\/p>\n<p>Bei den Pr\u00fcfungen (Modulen) m\u00fcssen jeweils 27 von 36 Fragen richtig beantwortet werden, damit das Ergebnis positiv ist. Bis jetzt wurden an unserer Schule <strong>110 Pr\u00fcfungen (Module)<\/strong> abgelegt, wobei <strong>98 positiv<\/strong> abgeschlossen wurden.<\/p>\n<p>Der n\u00e4chste Pr\u00fcfungstermin wird <strong>Anfang M\u00e4rz 2020<\/strong> sein. Alle Sch\u00fclerinnen und Sch\u00fcler von der 2. bis zur 6. Klasse werden mit E-Mail rechtzeitig (bitte die Mail-Adresse Ihres Kindes <a href=\"mailto:vorname.nachname@am-gym.at\">vorname.nachname@am-gym.at<\/a> kontrollieren) \u00fcber die Pr\u00fcfung und die <strong>verbindliche<\/strong> Anmeldung informiert.<\/p>\n<p>Wenn Sie noch Fragen haben, k\u00f6nnen Sie mich gerne \u00fcber meine Mail-Adresse (<a href=\"mailto:christa.hoeglinger@am-gym.at\">christa.hoeglinger@am-gym.at<\/a>) kontaktieren oder mich in meinen Sprechstunden &#8211; bitte auf der Homepage die aktualisierte Sprechstundenliste aufrufen &#8211; besuchen.<\/p>\n<p>Mit freundlichen Gr\u00fc\u00dfen<\/p>\n<p>Mag. Christa H\u00f6glinger<\/p>\n<div class=\"cmsms_gallery\">\n<ul>\n<li class=\"one_first\">\n<figure><a href=\"\" rel=\"ilightbox[69f3d372eb018]\"><\/a><\/figure><\/li>\n<\/ul>\n<\/div>\n\n","protected":false},"excerpt":{"rendered":"<p>Unsere Schule bietet seit zwei Jahren den ECDL (Europ\u00e4ischer Computerf\u00fchrerschein) an. Unsere Sch\u00fclerinnen und Sch\u00fcler k\u00f6nnen nun in der Schule dieses Zertifikat erwerben.<\/p>\n","protected":false},"author":1,"featured_media":42425,"comment_status":"closed","ping_status":"closed","sticky":false,"template":"","format":"standard","meta":{"footnotes":""},"categories":[16,13,3,10],"tags":[],"class_list":["post-42434","post","type-post","status-publish","format-standard","has-post-thumbnail","hentry","category-16","category-aktuelles","category-allgemein","category-elearning-im-schulalltag"],"_links":{"self":[{"href":"https:\/\/www.bgamstetten.ac.at\/index.php\/wp-json\/wp\/v2\/posts\/42434","targetHints":{"allow":["GET"]}}],"collection":[{"href":"https:\/\/www.bgamstetten.ac.at\/index.php\/wp-json\/wp\/v2\/posts"}],"about":[{"href":"https:\/\/www.bgamstetten.ac.at\/index.php\/wp-json\/wp\/v2\/types\/post"}],"author":[{"embeddable":true,"href":"https:\/\/www.bgamstetten.ac.at\/index.php\/wp-json\/wp\/v2\/users\/1"}],"replies":[{"embeddable":true,"href":"https:\/\/www.bgamstetten.ac.at\/index.php\/wp-json\/wp\/v2\/comments?post=42434"}],"version-history":[{"count":0,"href":"https:\/\/www.bgamstetten.ac.at\/index.php\/wp-json\/wp\/v2\/posts\/42434\/revisions"}],"wp:featuredmedia":[{"embeddable":true,"href":"https:\/\/www.bgamstetten.ac.at\/index.php\/wp-json\/"}],"wp:attachment":[{"href":"https:\/\/www.bgamstetten.ac.at\/index.php\/wp-json\/wp\/v2\/media?parent=42434"}],"wp:term":[{"taxonomy":"category","embeddable":true,"href":"https:\/\/www.bgamstetten.ac.at\/index.php\/wp-json\/wp\/v2\/categories?post=42434"},{"taxonomy":"post_tag","embeddable":true,"href":"https:\/\/www.bgamstetten.ac.at\/index.php\/wp-json\/wp\/v2\/tags?post=42434"}],"curies":[{"name":"wp","href":"https:\/\/api.w.org\/{rel}","templated":true}]}}