{"id":41954,"date":"2019-12-09T19:21:37","date_gmt":"2019-12-09T17:21:37","guid":{"rendered":"http:\/\/gymnasium-amstetten.at\/?p=41954"},"modified":"2019-12-09T19:21:37","modified_gmt":"2019-12-09T17:21:37","slug":"tag-der-offenen-tuer-2019","status":"publish","type":"post","link":"https:\/\/www.bgamstetten.ac.at\/index.php\/2019\/12\/09\/tag-der-offenen-tuer-2019\/","title":{"rendered":"Tag der offenen T\u00fcr 2019"},"content":{"rendered":"<style type=\"text\/css\"><\/style><p>Am 6.12.2019 \u00f6ffnete das Ostarrichi-Gymnasium beim Tag der offenen T\u00fcr wieder seine Pforten. Sehr viele junge Besucher verbrachten einen Tag voll lehrreicher Informationen, Spiel und Spa\u00df im Gymnasium.<!--more--><br \/>\nVon Sch\u00fclern der siebten Klassen kompetent gef\u00fchrt, lernten die Volkssch\u00fcler die gro\u00dfe Bandbreite an Angeboten kennen. Im Anschluss an die Schulf\u00fchrungen konnte man in den vielen Workshops gymnasiale Luft schnuppern und die F\u00fclle an Allgemeinbildung, die das Gymnasium bietet, im Detail erleben. Das Bildungsberatungsteam um Mag. H\u00f6glinger \u2013 f\u00fcr die Organisation ma\u00dfgeblich verantwortlich \u2013 und Dir. Mag. Spreitz begr\u00fc\u00dften die Besucher und standen rund um die Uhr f\u00fcr Fragen zur Verf\u00fcgung. Abseits der vielen Stationen standen viele Klassent\u00fcren den ganzen Vormittag offen, um den Besuchern einen Einblick in den Unterrichtsalltag am Gymnasium zu bieten. St\u00e4rken konnte man sich nach einem abwechslungsreichen Vormittag bei einem karitativen Buffet. Auch Elternverein und Absolventenverein waren an diesem Tag als Teil der Schulgemeinschaft mit Infost\u00e4nden pr\u00e4sent. Im Zentrum standen die individuellen Schwerpunkte des Gymnasiums, die ab der 3. Klasse angeboten werden. So konnte man bei einigen Stationen \u201eFremdsprachen-Luft\u201c schnuppern, der Musikschwerpunkt pr\u00e4sentierte sich mit einem bunten Programm, die Welt der Informatik waren ebenso zu erkunden wie die des Sports.<\/p>\n<p>Ob Biologie, Physik, Informatik, Sprachen, Sport, Musik und vieles mehr, das Bildungsangebot im Ostarrichi-Gymnasium bewegt und begeistert jedes Mal aufs Neue.<\/p>\n<p><strong>Einige Impressionen vom Tag der offenen T\u00fcr 2019, weitere Bilder finden sich auf <a href=\"https:\/\/www.mostropolis.at\/Reports\/651\/ostarrichi-gymnasium---tag-der-offenen-t%C3%BCr\" target=\"_blank\" rel=\"noopener noreferrer\">Mostropolis.at<\/a> &#8230;<br \/>\n<\/strong><\/p>\n<p>[ilightbox id=&#8220;102&#8243;][\/ilightbox]<\/p>\n<p>[ilightbox id=&#8220;103&#8243;][\/ilightbox]<\/p>\n<p>[\/cmsms_text][\/cmsms_column][\/cmsms_row]\n","protected":false},"excerpt":{"rendered":"<p>Am 6.12.2019 \u00f6ffnete das Ostarrichi-Gymnasium beim Tag der offenen T\u00fcr wieder seine Pforten. Sehr viele junge Besucher verbrachten einen Tag voll lehrreicher Informationen, Spiel und Spa\u00df im Gymnasium.<\/p>\n","protected":false},"author":1,"featured_media":42036,"comment_status":"closed","ping_status":"closed","sticky":false,"template":"","format":"standard","meta":{"footnotes":""},"categories":[16,3],"tags":[],"class_list":["post-41954","post","type-post","status-publish","format-standard","has-post-thumbnail","hentry","category-16","category-allgemein"],"_links":{"self":[{"href":"https:\/\/www.bgamstetten.ac.at\/index.php\/wp-json\/wp\/v2\/posts\/41954","targetHints":{"allow":["GET"]}}],"collection":[{"href":"https:\/\/www.bgamstetten.ac.at\/index.php\/wp-json\/wp\/v2\/posts"}],"about":[{"href":"https:\/\/www.bgamstetten.ac.at\/index.php\/wp-json\/wp\/v2\/types\/post"}],"author":[{"embeddable":true,"href":"https:\/\/www.bgamstetten.ac.at\/index.php\/wp-json\/wp\/v2\/users\/1"}],"replies":[{"embeddable":true,"href":"https:\/\/www.bgamstetten.ac.at\/index.php\/wp-json\/wp\/v2\/comments?post=41954"}],"version-history":[{"count":0,"href":"https:\/\/www.bgamstetten.ac.at\/index.php\/wp-json\/wp\/v2\/posts\/41954\/revisions"}],"wp:featuredmedia":[{"embeddable":true,"href":"https:\/\/www.bgamstetten.ac.at\/index.php\/wp-json\/"}],"wp:attachment":[{"href":"https:\/\/www.bgamstetten.ac.at\/index.php\/wp-json\/wp\/v2\/media?parent=41954"}],"wp:term":[{"taxonomy":"category","embeddable":true,"href":"https:\/\/www.bgamstetten.ac.at\/index.php\/wp-json\/wp\/v2\/categories?post=41954"},{"taxonomy":"post_tag","embeddable":true,"href":"https:\/\/www.bgamstetten.ac.at\/index.php\/wp-json\/wp\/v2\/tags?post=41954"}],"curies":[{"name":"wp","href":"https:\/\/api.w.org\/{rel}","templated":true}]}}