{"id":41842,"date":"2019-11-25T12:58:21","date_gmt":"2019-11-25T10:58:21","guid":{"rendered":"http:\/\/gymnasium-amstetten.at\/?p=41842"},"modified":"2019-11-25T12:58:21","modified_gmt":"2019-11-25T10:58:21","slug":"digitalisierung-im-lateinunterricht","status":"publish","type":"post","link":"https:\/\/www.bgamstetten.ac.at\/index.php\/2019\/11\/25\/digitalisierung-im-lateinunterricht\/","title":{"rendered":"Digitalisierung im Lateinunterricht"},"content":{"rendered":"<style type=\"text\/css\"><\/style><p><em>\u201eTempora mutantur et nos mutamur in illis\u201c \u2013 \u201eDie Zeiten \u00e4ndern sich und wir ver\u00e4ndern uns in ihnen.\u201c<\/em><!--more--><\/p>\n<p>Dass Latein keineswegs ein verstaubtes altes Fach ist, haben in den vergangenen eineinhalb Jahrzehnten nicht nur die kompetenzorientierten neuen Unterrichtsformate und der themenzentrierte Modullehrplan in der Oberstufe bewiesen, sondern auch die vermehrten Einsatzm\u00f6glichkeiten technischer Medien.<\/p>\n<p>In diesem Zusammenhang durfte ich am 8. und 9. November 2019 an der Fachtagung \u201eDigitalisierung im Lateinunterricht\u201c des Collegium Oldenbourg, veranstaltet vom Cornelsen-Verlag, am Wilhelmsgymnasium in M\u00fcnchen teilnehmen. Unter der Leitung von Schulqualit\u00e4tsmanager Dr. Friedrich Lo\u0161ek sowie Peggy Klausnitzer standen die beiden Tage im Zeichen des gegenseitigen fachlichen Austauschs, wobei ich zum Thema \u201eEinsatz von Kreativvideos zur Mythologie\u201c selbst einen Impuls zu einem der Workshops geben durfte.<\/p>\n<p>Neben der intensiven Arbeit an den Themen kam auch die fachliche Vernetzung mit deutschen und \u00f6sterreichischen Fachkolleginnen und -kollegen nicht zu kurz.<\/p>\n<p>Dieser digitale Blick \u00fcber den Tellerrand ist nicht nur ein Garant f\u00fcr einen modernen Lateinunterricht am Puls der Zeit, sondern auch ein Beitrag f\u00fcr das elsa-Zertifikat (e-Learning im Schul-Alltag) unseres Gymnasiums.<\/p>\n<p style=\"text-align: right;\">Mag. Kurt Marcik, BA<\/p>\n<p style=\"text-align: center;\"><div class=\"cmsms_gallery\">\n<ul>\n<li class=\"one_fourth\">\n<figure><a href=\"\" rel=\"ilightbox[69f591b5681bb]\"><\/a><\/figure><\/li>\n<li class=\"one_fourth\">\n<figure><a href=\"\" rel=\"ilightbox[69f591b5681bb]\"><\/a><\/figure><\/li>\n<li class=\"one_fourth\">\n<figure><a href=\"\" rel=\"ilightbox[69f591b5681bb]\"><\/a><\/figure><\/li>\n<li class=\"one_fourth\">\n<figure><a href=\"\" rel=\"ilightbox[69f591b5681bb]\"><\/a><\/figure><\/li>\n<\/ul>\n<\/div>\n<\/p>\n","protected":false},"excerpt":{"rendered":"<p>\u201eTempora mutantur et nos mutamur in illis\u201c \u2013 \u201eDie Zeiten \u00e4ndern sich und wir ver\u00e4ndern uns in ihnen.\u201c<\/p>\n","protected":false},"author":1,"featured_media":41844,"comment_status":"closed","ping_status":"closed","sticky":false,"template":"","format":"standard","meta":{"footnotes":""},"categories":[16,3,17,8],"tags":[],"class_list":["post-41842","post","type-post","status-publish","format-standard","has-post-thumbnail","hentry","category-16","category-allgemein","category-nawi","category-sprachen"],"_links":{"self":[{"href":"https:\/\/www.bgamstetten.ac.at\/index.php\/wp-json\/wp\/v2\/posts\/41842","targetHints":{"allow":["GET"]}}],"collection":[{"href":"https:\/\/www.bgamstetten.ac.at\/index.php\/wp-json\/wp\/v2\/posts"}],"about":[{"href":"https:\/\/www.bgamstetten.ac.at\/index.php\/wp-json\/wp\/v2\/types\/post"}],"author":[{"embeddable":true,"href":"https:\/\/www.bgamstetten.ac.at\/index.php\/wp-json\/wp\/v2\/users\/1"}],"replies":[{"embeddable":true,"href":"https:\/\/www.bgamstetten.ac.at\/index.php\/wp-json\/wp\/v2\/comments?post=41842"}],"version-history":[{"count":0,"href":"https:\/\/www.bgamstetten.ac.at\/index.php\/wp-json\/wp\/v2\/posts\/41842\/revisions"}],"wp:featuredmedia":[{"embeddable":true,"href":"https:\/\/www.bgamstetten.ac.at\/index.php\/wp-json\/"}],"wp:attachment":[{"href":"https:\/\/www.bgamstetten.ac.at\/index.php\/wp-json\/wp\/v2\/media?parent=41842"}],"wp:term":[{"taxonomy":"category","embeddable":true,"href":"https:\/\/www.bgamstetten.ac.at\/index.php\/wp-json\/wp\/v2\/categories?post=41842"},{"taxonomy":"post_tag","embeddable":true,"href":"https:\/\/www.bgamstetten.ac.at\/index.php\/wp-json\/wp\/v2\/tags?post=41842"}],"curies":[{"name":"wp","href":"https:\/\/api.w.org\/{rel}","templated":true}]}}