{"id":40407,"date":"2019-09-16T10:47:26","date_gmt":"2019-09-16T08:47:26","guid":{"rendered":"http:\/\/gymnasium-amstetten.at\/?p=40407"},"modified":"2019-09-16T10:47:26","modified_gmt":"2019-09-16T08:47:26","slug":"praegende-lehrerpersoenlichkeiten-traten-in-den-ruhestand","status":"publish","type":"post","link":"https:\/\/www.bgamstetten.ac.at\/index.php\/2019\/09\/16\/praegende-lehrerpersoenlichkeiten-traten-in-den-ruhestand\/","title":{"rendered":"Pr\u00e4gende Lehrerpers\u00f6nlichkeiten traten in den Ruhestand"},"content":{"rendered":"<style type=\"text\/css\"> \n#cmsms_row_69f57b697d16d .cmsms_row_outer_parent { \n\tpadding-top: 0px; \n} \n\n#cmsms_row_69f57b697d16d .cmsms_row_outer_parent { \n\tpadding-bottom: 50px; \n} \n\n \n#cmsms_row_69f57b697d535 .cmsms_row_outer_parent { \n\tpadding-top: 0px; \n} \n\n#cmsms_row_69f57b697d535 .cmsms_row_outer_parent { \n\tpadding-bottom: 50px; \n} \n\n<\/style><div id=\"cmsms_row_69f57b697d16d\" class=\"cmsms_row cmsms_color_scheme_default\">\n<div class=\"cmsms_row_outer_parent\">\n<div class=\"cmsms_row_outer\">\n<div class=\"cmsms_row_inner\">\n<div class=\"cmsms_row_margin\">\n<div class=\"cmsms_column one_first\">\n<div class=\"cmsms_text\">\n<p align=\"LEFT\"><span style=\"font-family: Times New Roman, serif;\"><span style=\"font-size: medium;\">In den ersten Septembertagen galt es f\u00fcr die Schulgemeinschaft des BG\/BRG Amstetten nicht nur den Beginn eines Schuljahres zu organisieren, sondern auch OStR Mag. Ingrid Schwarzenbacher, OStR Mag. Wilhelm M\u00fcller und Mag. Anton Spiegl in den wohlverdienten Ruhestand zu verabschieden.<\/span><\/span><!--more--><\/p>\n<p align=\"LEFT\"><span style=\"font-family: Times New Roman, serif;\"><span style=\"font-size: medium;\">Im Rahmen der Er\u00f6ffnungskonferenz wurden alle drei verdienten Professoren von Direktor Mag. Josef Spreitz ausf\u00fchrlich gew\u00fcrdigt. Den gem\u00fctlichen Ausklang bei einem schmackhaften Buffet, von den frischgebackenen Pensionisten organisiert, lie\u00dfen sich viele Kollegen trotz des Schulanfangstresses nicht nehmen.<\/span><\/span><\/p>\n<p align=\"LEFT\"><span style=\"font-family: Times New Roman, serif;\"><span style=\"font-size: medium;\">Dir. Mag. Spreitz hob besonders hervor, dass mit diesem Schuljahr nicht nur drei verdiente Professoren, sondern drei pr\u00e4gende Pers\u00f6nlichkeiten in den Ruhestand traten: <\/span><\/span><\/p>\n<p align=\"LEFT\"><span style=\"font-family: Times New Roman, serif;\"><span style=\"font-size: medium;\">OStR Mag. Ingrid Schwarzenbacher pr\u00e4gte seit 1992 besonders durch ihr soziales Gesp\u00fcr das Leben an unserer Schule. Als Gr\u00fcndungsmitglied der Vertrauenslehrer hat sie ein dichtes soziales Netz an der Schule etabliert, die Hilfsaktionen f\u00fcr die Partnerschule Varanasi betreute sie jahrelang fast im Alleingang, als Personalvertreterin trat sie \u00fcber viele Jahre f\u00fcr die Anliegen der Kollegenschaft ein, als Organisatorin der Winterschool und als Leiterin der Theatergruppe am Gymnasium trugen Projekte \u00fcber die Unterrichtst\u00e4tigkeit hinaus ihre Handschrift. 2000 organisierte sie ein gro\u00dfes Benefizkonzert f\u00fcr Mosambik. Besonders bemerkenswert neben den vielen Korrekturt\u00e4tigkeiten, die ihre F\u00e4cher Englisch und Deutsch erforderten!<\/span><\/span><\/p>\n<p align=\"LEFT\"><span style=\"font-family: Times New Roman, serif;\"><span style=\"font-size: medium;\">OStR Mag. Wilhelm M\u00fcller gilt f\u00fcr viele im Umfeld der Schule als \u201eMister Sportzweig\u201c. Die 2005 erfolgte Gr\u00fcndung des \u00e4u\u00dferst erfolgreichen Zweiges der Oberstufe \u2013 den er geradezu verk\u00f6rperte \u2013 ist ma\u00dfgeblich auf Mag. M\u00fcller zur\u00fcckzuf\u00fchren. Engagement und Motivation \u2013 diese zwei Begriffe beschreiben sein Wirken an der Schule treffend. Sei es als Leiter von Sportveranstaltungen, als Initiator der Sportinstruktorenausbildung an unserer Schule, als Ersteller des Bewegungskalenders und als treibende Kraft in puncto \u201eSchulgesundheit\u201c, Mag. M\u00fcller war seit 1983 eine pr\u00e4gende Pers\u00f6nlichkeit f\u00fcr viele Sch\u00fcler und Kollegen in den F\u00e4chern Sport und Geschichte. <\/span><\/span><\/p>\n<p align=\"LEFT\"><span style=\"font-family: Times New Roman, serif;\"><span style=\"font-size: medium;\"><span lang=\"de-DE\">Mag. Anton Spiegl, seit 1980 am Ostarrichi-Gymnasium t\u00e4tig, pr\u00e4gte als Mathematik- und Sportlehrer Generationen von Sch\u00fclern. Als charismatischer Leads\u00e4nger der Lehrerband \u201eTeachers&#8216; Project\u201c war Mag. Spiegl vielen in der Schulgemeinschaft in den letzten Jahren ein Begriff. In den letzten Jahren als Sportlehrer etwas zur\u00fcckgezogen, leistete Mag. Spiegl aber in seiner langj\u00e4hrigen T\u00e4tigkeit viel f\u00fcr die Schule. Als Personalvertreter und Mitglied im Schulgemeinschaftsausschuss war er als Vertreter der Lehrer bei wichtigen Entscheidungen ma\u00dfgeblich, als langj\u00e4hriger Ersteller des Stundenplans erwarb er sich gro\u00dfe Verdienste. Die von den Sch\u00fclern so geliebten allj\u00e4hrlichen Workshoptage tragen bis heute seine Handschrift, als begeisterter Volleyballtrainer war er an vielen Schulerfolgen ma\u00dfgeblich beteiligt.<\/span><\/span><\/span><\/p>\n<p align=\"LEFT\"><span style=\"font-family: Times New Roman, serif;\"><span style=\"font-size: medium;\"><span lang=\"de-DE\">Alle drei \u201eJungpensionisten\u201c zeigten sich in ihren Reden besonders dankbar f\u00fcr die Zeit ihres Erwerbslebens und w\u00fcrdigten auch besondere Weggef\u00e4hrten. Mag. Spiegl erntete mit einem selbstverfassten \u2013 beinahe kabarettistischen \u2013 Lied \u00fcber seine Jahrzehnte am Gymnasium besonders viel Applaus. <\/span><\/span><\/span><\/p>\n<p align=\"LEFT\"><span style=\"font-family: Times New Roman, serif;\"><span style=\"font-size: medium;\"><span lang=\"de-DE\">Die Schulgemeinschaft w\u00fcnscht alles Gute f\u00fcr den neuen Lebensabschnitt!<\/span><\/span><\/span><\/p>\n<\/div>\n<\/div>\n<\/div>\n<\/div>\n<\/div>\n<\/div>\n<\/div>\n<div id=\"cmsms_row_69f57b697d535\" class=\"cmsms_row cmsms_color_scheme_default\">\n<div class=\"cmsms_row_outer_parent\">\n<div class=\"cmsms_row_outer\">\n<div class=\"cmsms_row_inner\">\n<div class=\"cmsms_row_margin\">\n<div class=\"cmsms_column one_first\">\n<div class=\"aligncenter\">\n<div class=\"cmsms_img  cmsms_image_c\">\n<img decoding=\"async\" src=\"\" alt=\"\" \/>\n<\/div>\n<\/div>\n<\/div>\n<\/div>\n<\/div>\n<\/div>\n<\/div>\n<\/div>\n<div id=\"cmsms_row_69f57b697dc22\" class=\"cmsms_row cmsms_color_scheme_default\">\n<div class=\"cmsms_row_outer_parent\">\n<div class=\"cmsms_row_outer\">\n<div class=\"cmsms_row_inner\">\n<div class=\"cmsms_row_margin\">\n<div class=\"cmsms_column one_first\">\n<div class=\"cmsms_text\">\n<p>&nbsp;<\/p>\n<\/div>\n<\/div>\n<\/div>\n<\/div>\n<\/div>\n<\/div>\n<\/div>\n<div id=\"cmsms_row_69f57b697dd2e\" class=\"cmsms_row cmsms_color_scheme_default\">\n<div class=\"cmsms_row_outer_parent\">\n<div class=\"cmsms_row_outer\">\n<div class=\"cmsms_row_inner\">\n<div class=\"cmsms_row_margin\">\n<div class=\"cmsms_column one_first\">\n<div class=\"cmsms_text\">\n<p>&nbsp;<\/p>\n<\/div>\n<\/div>\n<\/div>\n<\/div>\n<\/div>\n<\/div>\n<\/div>\n\n","protected":false},"excerpt":{"rendered":"<p>In den ersten Septembertagen galt es f\u00fcr die Schulgemeinschaft des BG\/BRG Amstetten nicht nur den Beginn eines Schuljahres zu organisieren, sondern auch OStR Mag. Ingrid Schwarzenbacher, OStR Mag. Wilhelm M\u00fcller und Mag. Anton Spiegl in den wohlverdienten Ruhestand zu verabschieden.<\/p>\n","protected":false},"author":1,"featured_media":40409,"comment_status":"closed","ping_status":"closed","sticky":false,"template":"","format":"standard","meta":{"footnotes":""},"categories":[16,13,3],"tags":[],"class_list":["post-40407","post","type-post","status-publish","format-standard","has-post-thumbnail","hentry","category-16","category-aktuelles","category-allgemein"],"_links":{"self":[{"href":"https:\/\/www.bgamstetten.ac.at\/index.php\/wp-json\/wp\/v2\/posts\/40407","targetHints":{"allow":["GET"]}}],"collection":[{"href":"https:\/\/www.bgamstetten.ac.at\/index.php\/wp-json\/wp\/v2\/posts"}],"about":[{"href":"https:\/\/www.bgamstetten.ac.at\/index.php\/wp-json\/wp\/v2\/types\/post"}],"author":[{"embeddable":true,"href":"https:\/\/www.bgamstetten.ac.at\/index.php\/wp-json\/wp\/v2\/users\/1"}],"replies":[{"embeddable":true,"href":"https:\/\/www.bgamstetten.ac.at\/index.php\/wp-json\/wp\/v2\/comments?post=40407"}],"version-history":[{"count":0,"href":"https:\/\/www.bgamstetten.ac.at\/index.php\/wp-json\/wp\/v2\/posts\/40407\/revisions"}],"wp:featuredmedia":[{"embeddable":true,"href":"https:\/\/www.bgamstetten.ac.at\/index.php\/wp-json\/"}],"wp:attachment":[{"href":"https:\/\/www.bgamstetten.ac.at\/index.php\/wp-json\/wp\/v2\/media?parent=40407"}],"wp:term":[{"taxonomy":"category","embeddable":true,"href":"https:\/\/www.bgamstetten.ac.at\/index.php\/wp-json\/wp\/v2\/categories?post=40407"},{"taxonomy":"post_tag","embeddable":true,"href":"https:\/\/www.bgamstetten.ac.at\/index.php\/wp-json\/wp\/v2\/tags?post=40407"}],"curies":[{"name":"wp","href":"https:\/\/api.w.org\/{rel}","templated":true}]}}