{"id":40312,"date":"2019-09-10T19:15:53","date_gmt":"2019-09-10T17:15:53","guid":{"rendered":"http:\/\/gymnasium-amstetten.at\/?p=40312"},"modified":"2019-09-10T19:15:53","modified_gmt":"2019-09-10T17:15:53","slug":"spanisch-zertifikate-am-ostarrichi-gymnasium","status":"publish","type":"post","link":"https:\/\/www.bgamstetten.ac.at\/index.php\/2019\/09\/10\/spanisch-zertifikate-am-ostarrichi-gymnasium\/","title":{"rendered":"Spanisch-Zertifikate am Ostarrichi-Gymnasium"},"content":{"rendered":"<style type=\"text\/css\"><\/style><div id=\"cmsms_row_69f57b502ed44\" class=\"cmsms_row cmsms_color_scheme_default\">\n<div class=\"cmsms_row_outer_parent\">\n<div class=\"cmsms_row_outer\">\n<div class=\"cmsms_row_inner\">\n<div class=\"cmsms_row_margin\">\n<div class=\"cmsms_column one_first\">\n<div class=\"cmsms_text\">\n<p>Direktor Josef Spreitz gratulierte am 9. 9. 2019 jenen Sch\u00fclerInnen, die sich am Instituto Cervantes in Wien den schriftlichen und m\u00fcndlichen Pr\u00fcfungen auf dem Niveau A2\/B1 unterzogen haben. Diese <em>Diplomas de Espa\u00f1ol como Lengua Extranjera<\/em> <em>(DELE)<\/em> sind offizielle Zertifikate zum Nachweis spanischer Sprachkenntnisse, die am Gymnasium von Mag. Dr. Elisabeth Hofer im Rahmen der Begabtenf\u00f6rderung vorbereitet werden. <!--more-->Christina Zeiner, die im Juni am Gymnasium maturierte, absolvierte sogar das Niveau B2, das weit \u00fcber das Matura-Niveau hinausgeht.<\/p>\n<p>Die Anerkennung dieser Zertifikate ist international und gilt gleicherma\u00dfen im universit\u00e4ren Bereich und in der Berufswelt. In Spanien werden die Zertifikate von Universit\u00e4ten sowie \u00f6ffentlichen und privaten Institutionen als offizielle Qualifikationsnachweise anerkannt. Die DELE-Pr\u00fcfungen sind insofern besonders anspruchsvoll, als die Kandidaten in den vier Fertigkeiten Lesen, H\u00f6ren, Sprechen und Schreiben 70 % erreichen m\u00fcssen, um sie zu bestehen.<\/p>\n<p style=\"text-align: center;\"><img decoding=\"async\" class=\"alignnone size-full wp-image-40313\" src=\"http:\/\/gymnasium-amstetten.at\/wp-content\/uploads\/2019\/09\/Dele19.jpg\" alt=\"\" width=\"1000\" height=\"593\" \/><br \/>\nFoto: \u00a0(von links nach rechts): 2. Reihe: Direktor Mag. Josef Spreitz, Florian Wei\u00df, Jonas Brottrager, Tobias Gillitschka, Lorenz Schartlm\u00fcller<br \/>\n1. Reihe: Spanischlehrerin Mag. Dr. Elisabeth Hofer, Christina Zeiner, Timon Hofstetter<\/p>\n<address>\u00a0<\/address>\n<address>\u00a0<\/address>\n<address>\u00a0<\/address>\n<address>\u00a0<\/address>\n<\/div>\n<div class=\"cmsms_text\">\n<p><\/p>\n<\/div>\n<div class=\"cmsms_gallery\">\n<ul>\n<li class=\"one_fourth\">\n<figure><a href=\"\" rel=\"ilightbox[69f57b502ef5b]\"><\/a><\/figure><\/li>\n<li class=\"one_fourth\">\n<figure><a href=\"\" rel=\"ilightbox[69f57b502ef5b]\"><\/a><\/figure><\/li>\n<li class=\"one_fourth\">\n<figure><a href=\"\" rel=\"ilightbox[69f57b502ef5b]\"><\/a><\/figure><\/li>\n<li class=\"one_fourth\">\n<figure><a href=\"\" rel=\"ilightbox[69f57b502ef5b]\"><\/a><\/figure><\/li>\n<li class=\"one_fourth\">\n<figure><a href=\"\" rel=\"ilightbox[69f57b502ef5b]\"><\/a><\/figure><\/li>\n<li class=\"one_fourth\">\n<figure><a href=\"\" rel=\"ilightbox[69f57b502ef5b]\"><\/a><\/figure><\/li>\n<li class=\"one_fourth\">\n<figure><a href=\"\" rel=\"ilightbox[69f57b502ef5b]\"><\/a><\/figure><\/li>\n<li class=\"one_fourth\">\n<figure><a href=\"\" rel=\"ilightbox[69f57b502ef5b]\"><\/a><\/figure><\/li>\n<li class=\"one_fourth\">\n<figure><a href=\"\" rel=\"ilightbox[69f57b502ef5b]\"><\/a><\/figure><\/li>\n<li class=\"one_fourth\">\n<figure><a href=\"\" rel=\"ilightbox[69f57b502ef5b]\"><\/a><\/figure><\/li>\n<\/ul>\n<\/div>\n<div class=\"cmsms_text\">\n<p><\/p>\n<\/div>\n<\/div>\n<\/div>\n<\/div>\n<\/div>\n<\/div>\n<\/div>\n\n","protected":false},"excerpt":{"rendered":"<p>Direktor Josef Spreitz gratulierte am 9. 9. 2019 jenen Sch\u00fclerInnen, die sich am Instituto Cervantes in Wien den schriftlichen und m\u00fcndlichen Pr\u00fcfungen auf dem Niveau A2\/B1 unterzogen haben. Diese Diplomas de Espa\u00f1ol como Lengua Extranjera (DELE) sind offizielle Zertifikate zum Nachweis spanischer Sprachkenntnisse, die am Gymnasium von Mag. Dr. Elisabeth Hofer im Rahmen der Begabtenf\u00f6rderung&#8230;<\/p>\n","protected":false},"author":1,"featured_media":40314,"comment_status":"closed","ping_status":"closed","sticky":false,"template":"","format":"standard","meta":{"footnotes":""},"categories":[16,8],"tags":[],"class_list":["post-40312","post","type-post","status-publish","format-standard","has-post-thumbnail","hentry","category-16","category-sprachen"],"_links":{"self":[{"href":"https:\/\/www.bgamstetten.ac.at\/index.php\/wp-json\/wp\/v2\/posts\/40312","targetHints":{"allow":["GET"]}}],"collection":[{"href":"https:\/\/www.bgamstetten.ac.at\/index.php\/wp-json\/wp\/v2\/posts"}],"about":[{"href":"https:\/\/www.bgamstetten.ac.at\/index.php\/wp-json\/wp\/v2\/types\/post"}],"author":[{"embeddable":true,"href":"https:\/\/www.bgamstetten.ac.at\/index.php\/wp-json\/wp\/v2\/users\/1"}],"replies":[{"embeddable":true,"href":"https:\/\/www.bgamstetten.ac.at\/index.php\/wp-json\/wp\/v2\/comments?post=40312"}],"version-history":[{"count":0,"href":"https:\/\/www.bgamstetten.ac.at\/index.php\/wp-json\/wp\/v2\/posts\/40312\/revisions"}],"wp:featuredmedia":[{"embeddable":true,"href":"https:\/\/www.bgamstetten.ac.at\/index.php\/wp-json\/"}],"wp:attachment":[{"href":"https:\/\/www.bgamstetten.ac.at\/index.php\/wp-json\/wp\/v2\/media?parent=40312"}],"wp:term":[{"taxonomy":"category","embeddable":true,"href":"https:\/\/www.bgamstetten.ac.at\/index.php\/wp-json\/wp\/v2\/categories?post=40312"},{"taxonomy":"post_tag","embeddable":true,"href":"https:\/\/www.bgamstetten.ac.at\/index.php\/wp-json\/wp\/v2\/tags?post=40312"}],"curies":[{"name":"wp","href":"https:\/\/api.w.org\/{rel}","templated":true}]}}