{"id":40212,"date":"2019-09-04T18:47:08","date_gmt":"2019-09-04T16:47:08","guid":{"rendered":"http:\/\/gymnasium-amstetten.at\/?p=40212"},"modified":"2019-09-04T18:47:08","modified_gmt":"2019-09-04T16:47:08","slug":"eroeffnungsfeier-wir-sind-gestalter-unseres-schulischen-lebens","status":"publish","type":"post","link":"https:\/\/www.bgamstetten.ac.at\/index.php\/2019\/09\/04\/eroeffnungsfeier-wir-sind-gestalter-unseres-schulischen-lebens\/","title":{"rendered":"Er\u00f6ffnungsfeier:  Wir sind Gestalter unseres (schulischen) Lebens!"},"content":{"rendered":"<style type=\"text\/css\"><\/style><p>Am 2. September 2019 startete die Schulgemeinschaft das Schuljahr mit einem stimmungsvollen \u00f6kumenischen Wortgottesdienst wegen der schlechten Witterung im Turnsaal.<\/p>\n<p>Mitrei\u00dfend gestaltet von den Musikp\u00e4dagogen der Schule wurde die Feier von Pastor Kolck-Thudt und von Mag. Gottfried Fischl gleich zu Beginn mit einem Live-Schachspiel er\u00f6ffnet. Gro\u00dfe Schachfiguren wurden via \u201eSch\u00fclernetzwerk\u201c Zug um Zug zu einem Schachergebnis gef\u00fchrt. Diese Metapher, \u201eunser schulisches Leben\u201c \u00e4hnlich wie ein Schachspiel zu sehen, wurde w\u00e4hrend des Gottesdienstes verdeutlicht: Wurden bei der \u00f6kumenischen Schulschlussfeier die verschiedenen M\u00f6glichkeiten der einzelnen Schachfiguren betrachtet, stand nun das Bild vom Schachspiel vor allem aus der Sicht des Schachspielers im Zentrum der Er\u00f6ffnung: Wenn man bei einem Schachspiel gewinnen will, muss man geduldig sein. Man muss sich jeden Zug genau \u00fcberlegen. Im Leben und in der Schule ist es \u00e4hnlich: Man sollte geduldig sein und sich jeden Schritt genau \u00fcberlegen. Man sollte sich jede M\u00f6glichkeit ansehen und sich f\u00fcr die beste entscheiden. Wenn ein Zug einmal gespielt wurde, dann kann man ihn nicht mehr zur\u00fccknehmen. Auch diesen Aspekt kann man auf das wirkliche Leben \u00fcbertragen: Hat man einmal einen Weg eingeschlagen, eine Entscheidung getroffen, kann man das nicht mehr r\u00fcckg\u00e4ngig machen. Am Beginn eines Schuljahres liegen wichtige Z\u00fcge unseres Lebensspieles vor uns.<\/p>\n<p>Direktor Spreitz hat am Ende der Feier alle neuen Sch\u00fclerinnen und Sch\u00fcler unter tosendem Applaus der Schulgemeinschaft herzlich begr\u00fc\u00dft.\u00a0 Frei nach Viktor Frankl hat er alle ermutigt, wie bei einem Schachspiel folgende Erkenntnis in diesem Schuljahr, das unter dem Jahresmotto <em>#bildungbringts<\/em> steht, zu leben: \u00a0Jeder Einzelne m\u00f6ge aktiver Gestalter seines Lebens sein und seinen Spielraum gut n\u00fctzen! Symbolisch wurde auch bereits der erste Schritt in ein erfolgreiches neues Schuljahr gemeinsam gemacht\u2026<\/p>\n<p style=\"text-align: center;\"><div class=\"cmsms_gallery\">\n<ul>\n<li class=\"one_fourth\">\n<figure><a href=\"\" rel=\"ilightbox[69f564ab225c3]\"><\/a><\/figure><\/li>\n<li class=\"one_fourth\">\n<figure><a href=\"\" rel=\"ilightbox[69f564ab225c3]\"><\/a><\/figure><\/li>\n<li class=\"one_fourth\">\n<figure><a href=\"\" rel=\"ilightbox[69f564ab225c3]\"><\/a><\/figure><\/li>\n<li class=\"one_fourth\">\n<figure><a href=\"\" rel=\"ilightbox[69f564ab225c3]\"><\/a><\/figure><\/li>\n<li class=\"one_fourth\">\n<figure><a href=\"\" rel=\"ilightbox[69f564ab225c3]\"><\/a><\/figure><\/li>\n<li class=\"one_fourth\">\n<figure><a href=\"\" rel=\"ilightbox[69f564ab225c3]\"><\/a><\/figure><\/li>\n<li class=\"one_fourth\">\n<figure><a href=\"\" rel=\"ilightbox[69f564ab225c3]\"><\/a><\/figure><\/li>\n<li class=\"one_fourth\">\n<figure><a href=\"\" rel=\"ilightbox[69f564ab225c3]\"><\/a><\/figure><\/li>\n<li class=\"one_fourth\">\n<figure><a href=\"\" rel=\"ilightbox[69f564ab225c3]\"><\/a><\/figure><\/li>\n<li class=\"one_fourth\">\n<figure><a href=\"\" rel=\"ilightbox[69f564ab225c3]\"><\/a><\/figure><\/li>\n<li class=\"one_fourth\">\n<figure><a href=\"\" rel=\"ilightbox[69f564ab225c3]\"><\/a><\/figure><\/li>\n<li class=\"one_fourth\">\n<figure><a href=\"\" rel=\"ilightbox[69f564ab225c3]\"><\/a><\/figure><\/li>\n<li class=\"one_fourth\">\n<figure><a href=\"\" rel=\"ilightbox[69f564ab225c3]\"><\/a><\/figure><\/li>\n<li class=\"one_fourth\">\n<figure><a href=\"\" rel=\"ilightbox[69f564ab225c3]\"><\/a><\/figure><\/li>\n<li class=\"one_fourth\">\n<figure><a href=\"\" rel=\"ilightbox[69f564ab225c3]\"><\/a><\/figure><\/li>\n<li class=\"one_fourth\">\n<figure><a href=\"\" rel=\"ilightbox[69f564ab225c3]\"><\/a><\/figure><\/li>\n<li class=\"one_fourth\">\n<figure><a href=\"\" rel=\"ilightbox[69f564ab225c3]\"><\/a><\/figure><\/li>\n<li class=\"one_fourth\">\n<figure><a href=\"\" rel=\"ilightbox[69f564ab225c3]\"><\/a><\/figure><\/li>\n<\/ul>\n<\/div>\n<\/p>\n","protected":false},"excerpt":{"rendered":"<p>Am 2. September 2019 startete die Schulgemeinschaft das Schuljahr mit einem stimmungsvollen \u00f6kumenischen Wortgottesdienst wegen der schlechten Witterung im Turnsaal. Mitrei\u00dfend gestaltet von den Musikp\u00e4dagogen der Schule wurde die Feier von Pastor Kolck-Thudt und von Mag. Gottfried Fischl gleich zu Beginn mit einem Live-Schachspiel er\u00f6ffnet. Gro\u00dfe Schachfiguren wurden via \u201eSch\u00fclernetzwerk\u201c Zug um Zug zu einem&#8230;<\/p>\n","protected":false},"author":1,"featured_media":40214,"comment_status":"closed","ping_status":"closed","sticky":false,"template":"","format":"standard","meta":{"footnotes":""},"categories":[16,3],"tags":[],"class_list":["post-40212","post","type-post","status-publish","format-standard","has-post-thumbnail","hentry","category-16","category-allgemein"],"_links":{"self":[{"href":"https:\/\/www.bgamstetten.ac.at\/index.php\/wp-json\/wp\/v2\/posts\/40212","targetHints":{"allow":["GET"]}}],"collection":[{"href":"https:\/\/www.bgamstetten.ac.at\/index.php\/wp-json\/wp\/v2\/posts"}],"about":[{"href":"https:\/\/www.bgamstetten.ac.at\/index.php\/wp-json\/wp\/v2\/types\/post"}],"author":[{"embeddable":true,"href":"https:\/\/www.bgamstetten.ac.at\/index.php\/wp-json\/wp\/v2\/users\/1"}],"replies":[{"embeddable":true,"href":"https:\/\/www.bgamstetten.ac.at\/index.php\/wp-json\/wp\/v2\/comments?post=40212"}],"version-history":[{"count":0,"href":"https:\/\/www.bgamstetten.ac.at\/index.php\/wp-json\/wp\/v2\/posts\/40212\/revisions"}],"wp:featuredmedia":[{"embeddable":true,"href":"https:\/\/www.bgamstetten.ac.at\/index.php\/wp-json\/"}],"wp:attachment":[{"href":"https:\/\/www.bgamstetten.ac.at\/index.php\/wp-json\/wp\/v2\/media?parent=40212"}],"wp:term":[{"taxonomy":"category","embeddable":true,"href":"https:\/\/www.bgamstetten.ac.at\/index.php\/wp-json\/wp\/v2\/categories?post=40212"},{"taxonomy":"post_tag","embeddable":true,"href":"https:\/\/www.bgamstetten.ac.at\/index.php\/wp-json\/wp\/v2\/tags?post=40212"}],"curies":[{"name":"wp","href":"https:\/\/api.w.org\/{rel}","templated":true}]}}