{"id":39101,"date":"2019-06-14T10:12:51","date_gmt":"2019-06-14T08:12:51","guid":{"rendered":"http:\/\/gymnasium-amstetten.at\/?p=39101"},"modified":"2019-06-14T10:12:51","modified_gmt":"2019-06-14T08:12:51","slug":"sommersportwoche-zell-am-see","status":"publish","type":"post","link":"https:\/\/www.bgamstetten.ac.at\/index.php\/2019\/06\/14\/sommersportwoche-zell-am-see\/","title":{"rendered":"Sommersportwoche Zell am See"},"content":{"rendered":"<style type=\"text\/css\"><\/style><div id=\"cmsms_row_69f5643fe2307\" class=\"cmsms_row cmsms_color_scheme_default\">\n<div class=\"cmsms_row_outer_parent\">\n<div class=\"cmsms_row_outer\">\n<div class=\"cmsms_row_inner\">\n<div class=\"cmsms_row_margin\">\n<div class=\"cmsms_column one_first\">\n<div class=\"cmsms_text\">\n<p><strong>\u201eKikeriki \u2013 alles Abmarsch zum Morgenlauf!\u201c<\/strong><\/p>\n<p>\u2026 hie\u00df es letzte Woche (fast) jeden Tag f\u00fcr (fast) alle Sch\u00fclerinnen und Sch\u00fcler sowie deren Lehrerinnen und Lehrer<!--more--><\/p>\n<p>unter der Leitung von Mag. Stefan Krimm, die im Club Kitzsteinhorn in Zell am See von 2. -7. Juni die Sommersportwoche verbrachten. Gleichzeitig mit unserer Ankunft am Sonntag hielt auch der Sommer Einzug, der die zahlreichen Outdoor &#8211; Aktivit\u00e4ten noch um einiges schmackhafter machte. Solange man nicht sogleich Opfer der starken Strahlungskraft trotz Sonnenschutzfaktor 50 und anderen einstrahlungsbedingten Reaktionen des noch an K\u00e4lte gewohnten K\u00f6rpers wurde, konnten wir unsere Vitamin D Reserven wieder vollst\u00e4ndig aufladen. Aber nat\u00fcrlich war dies nicht der Hauptgrund unseres Aufenthalts \u2013 und so wurde jeden Tag von fr\u00fch bis sp\u00e4t gesportelt.<\/p>\n<p>Das Programm konnte sich sehen lassen. Die Aktivit\u00e4ten reichten von Beachvolleyball mit Strandfeeling und Blick auf das verschneite Kitzsteinhorn, \u00fcber Tennis bei fast w\u00fcstenhaften Bedingungen, Klettern in den schwindelerregenden H\u00f6hen des Hochseilgartens, Reiten am Fu\u00df der Berge, Kajak und Surfen im und am Zeller See bis hin zum Mountainbiken auf den nahe \u2013 und fernerliegenden Trails. Auch wenn die hei\u00dfen Bedingungen so manchen die Luft ausgehen lie\u00dfen &#8211; und hier ist nicht nur von den anf\u00e4nglichen Windflauten der Surferinnen und Surfer die Rede- wurden selbst Herausforderungen \u00e0 la \u201eStirb langsam 6.0.\u201c jeden Tag wieder aufs Neue angenommen.<\/p>\n<p>Die Sch\u00fclerinnen und Sch\u00fcler wurden dabei von ihren \u201epersonal coaches\u201c und Motivatoren angespornt. So wurde z.B. dem Hitzschlag mit noch schnelleren Aufschl\u00e4gen, die eines Dominik Thiems definitiv w\u00fcrdig waren, durch unsere internen Tennisstars vorgebeugt. Auch die unerschrockenen Mountainbiker und Mountainbikerinnen folgten ihrem Gruppenleiter bis in die atemberaubendsten H\u00f6hen des Salzkammergutes und machten in voller Montur den Bikepark trotz kleinerer, fast nur materialbedingter Zwischenf\u00e4lle unsicher.<\/p>\n<p>Aber auch an den Abenden und in der kursfreien Zeit ging es sportlich weiter. So k\u00fchlten wir uns im Pool ab, matchten uns im Tischtennis, beim Kegeln und in der gro\u00dfen Indoor-Beachvolleyballhalle, federten am Trampolin und boulderten die W\u00e4nde hoch und wieder runter. Auch eine n\u00e4chtliche Wanderung zu einer Wasser, Licht und Lasershow am Zeller See sowie Ausfl\u00fcge ins nahe gelegene Strandbad, zur Sommerrodelbahn und in die \u201eSigmund Thun \u2013 Klamm\u201c wurden abseits der t\u00e4glichen sportlichen Schaupl\u00e4tze unternommen.<\/p>\n<p>Und nat\u00fcrlich blieb bei so vielen Eindr\u00fccken und Anstrengungen der Spa\u00df nicht auf der Strecke. Selbst wenn so manch einer und so manch eine sich in seiner und ihrer morgendlichen Ruhe durch die den Gang entlang t\u00f6nenden \u201eTagwacheee!\u201c- Rufe gest\u00f6rt f\u00fchlten, kamen die Sportlerinnen und Sportler nicht umhin, sich um 7:15 im hauseigenen Pool bei einer durch die Begleiterinnen und Begleiter angeleiteten Aquagymnastikeinlage wiederzufinden.<\/p>\n<p>In diesem Sinne bleibt unbestritten, dass diese Woche nicht nur in Form des ein oder anderen Muskelkaters in Erinnerung bleiben wird. Danke an das Lehrer*innenteam unter Mag. Stefan Krimm und an alle, die die Zeit mit ihrer Motivation, ihrer guten Laune und ihrem Sportsgeist unvergesslich gemacht haben!<\/p>\n<p style=\"text-align: right;\">Mag. Elisa En\u00f6ckl<\/p>\n<p>&nbsp;<\/p>\n<\/div>\n<script type=\"text\/javascript\">jQuery(document).ready(function () { jQuery(\"#cmsms_hover_slider_69f5643fe26fb\").cmsmsHoverSlider( { sliderBlock : \"#cmsms_hover_slider_69f5643fe26fb\", sliderItems : \".cmsms_hover_slider_items\", thumbWidth : \"100\", thumbHeight : \"60\", activeSlide : 1, pauseTime : 5000, pauseOnHover : true } );} );<\/script><div id=\"cmsms_hover_slider_69f5643fe26fb\" class=\"cmsms_hover_slider\">\n<ul class=\"cmsms_hover_slider_items\">\n<li><figure class=\"cmsms_hover_slider_full_img\"><\/figure><\/li><li><figure class=\"cmsms_hover_slider_full_img\"><\/figure><\/li><li><figure class=\"cmsms_hover_slider_full_img\"><\/figure><\/li><li><figure class=\"cmsms_hover_slider_full_img\"><\/figure><\/li><li><figure class=\"cmsms_hover_slider_full_img\"><\/figure><\/li><li><figure class=\"cmsms_hover_slider_full_img\"><\/figure><\/li><li><figure class=\"cmsms_hover_slider_full_img\"><\/figure><\/li><li><figure class=\"cmsms_hover_slider_full_img\"><\/figure><\/li><li><figure class=\"cmsms_hover_slider_full_img\"><\/figure><\/li><li><figure class=\"cmsms_hover_slider_full_img\"><\/figure><\/li><li><figure class=\"cmsms_hover_slider_full_img\"><\/figure><\/li><li><figure class=\"cmsms_hover_slider_full_img\"><\/figure><\/li><li><figure class=\"cmsms_hover_slider_full_img\"><\/figure><\/li><li><figure class=\"cmsms_hover_slider_full_img\"><\/figure><\/li><li><figure class=\"cmsms_hover_slider_full_img\"><\/figure><\/li><li><figure class=\"cmsms_hover_slider_full_img\"><\/figure><\/li><li><figure class=\"cmsms_hover_slider_full_img\"><\/figure><\/li><li><figure class=\"cmsms_hover_slider_full_img\"><\/figure><\/li><li><figure class=\"cmsms_hover_slider_full_img\"><\/figure><\/li><li><figure class=\"cmsms_hover_slider_full_img\"><\/figure><\/li><li><figure class=\"cmsms_hover_slider_full_img\"><\/figure><\/li><li><figure class=\"cmsms_hover_slider_full_img\"><\/figure><\/li><li><figure class=\"cmsms_hover_slider_full_img\"><\/figure><\/li><li><figure class=\"cmsms_hover_slider_full_img\"><\/figure><\/li><li><figure class=\"cmsms_hover_slider_full_img\"><\/figure><\/li><li><figure class=\"cmsms_hover_slider_full_img\"><\/figure><\/li><li><figure class=\"cmsms_hover_slider_full_img\"><\/figure><\/li><li><figure class=\"cmsms_hover_slider_full_img\"><\/figure><\/li><li><figure class=\"cmsms_hover_slider_full_img\"><\/figure><\/li><li><figure class=\"cmsms_hover_slider_full_img\"><\/figure><\/li><li><figure class=\"cmsms_hover_slider_full_img\"><\/figure><\/li><\/ul>\n<\/div>\n<\/div>\n<\/div>\n<\/div>\n<\/div>\n<\/div>\n<\/div>\n\n","protected":false},"excerpt":{"rendered":"<p>\u201eKikeriki \u2013 alles Abmarsch zum Morgenlauf!\u201c \u2026 hie\u00df es letzte Woche (fast) jeden Tag f\u00fcr (fast) alle Sch\u00fclerinnen und Sch\u00fcler sowie deren Lehrerinnen und Lehrer<\/p>\n","protected":false},"author":1,"featured_media":39126,"comment_status":"closed","ping_status":"closed","sticky":false,"template":"","format":"standard","meta":{"footnotes":""},"categories":[26,13,4],"tags":[],"class_list":["post-39101","post","type-post","status-publish","format-standard","has-post-thumbnail","hentry","category-26","category-aktuelles","category-sportliches"],"_links":{"self":[{"href":"https:\/\/www.bgamstetten.ac.at\/index.php\/wp-json\/wp\/v2\/posts\/39101","targetHints":{"allow":["GET"]}}],"collection":[{"href":"https:\/\/www.bgamstetten.ac.at\/index.php\/wp-json\/wp\/v2\/posts"}],"about":[{"href":"https:\/\/www.bgamstetten.ac.at\/index.php\/wp-json\/wp\/v2\/types\/post"}],"author":[{"embeddable":true,"href":"https:\/\/www.bgamstetten.ac.at\/index.php\/wp-json\/wp\/v2\/users\/1"}],"replies":[{"embeddable":true,"href":"https:\/\/www.bgamstetten.ac.at\/index.php\/wp-json\/wp\/v2\/comments?post=39101"}],"version-history":[{"count":0,"href":"https:\/\/www.bgamstetten.ac.at\/index.php\/wp-json\/wp\/v2\/posts\/39101\/revisions"}],"wp:featuredmedia":[{"embeddable":true,"href":"https:\/\/www.bgamstetten.ac.at\/index.php\/wp-json\/"}],"wp:attachment":[{"href":"https:\/\/www.bgamstetten.ac.at\/index.php\/wp-json\/wp\/v2\/media?parent=39101"}],"wp:term":[{"taxonomy":"category","embeddable":true,"href":"https:\/\/www.bgamstetten.ac.at\/index.php\/wp-json\/wp\/v2\/categories?post=39101"},{"taxonomy":"post_tag","embeddable":true,"href":"https:\/\/www.bgamstetten.ac.at\/index.php\/wp-json\/wp\/v2\/tags?post=39101"}],"curies":[{"name":"wp","href":"https:\/\/api.w.org\/{rel}","templated":true}]}}