{"id":38903,"date":"2019-05-25T22:35:00","date_gmt":"2019-05-25T20:35:00","guid":{"rendered":"http:\/\/gymnasium-amstetten.at\/?p=38903"},"modified":"2019-05-25T22:35:00","modified_gmt":"2019-05-25T20:35:00","slug":"delf-das-extrem-leichte-franzoesisch","status":"publish","type":"post","link":"https:\/\/www.bgamstetten.ac.at\/index.php\/2019\/05\/25\/delf-das-extrem-leichte-franzoesisch\/","title":{"rendered":"DELF \u2013 das extrem leichte Franz\u00f6sisch\u2026"},"content":{"rendered":"<style type=\"text\/css\"><\/style><p><strong>DELF &#8211; Dipl\u00f4me d&#8217;Etudes en langue fran\u00e7aise<\/strong><!--more--><\/p>\n<p>\u2026diese ehrgeizigen LehrerInnen forcieren<\/p>\n<p>diese erlesene Leistungsfeststellung<\/p>\n<p>deren \u00e9l\u00e8ves lieben Franz\u00f6sisch<\/p>\n<p>da erstens Lesen fasziniert<\/p>\n<p>dazu Erh\u00f6rtes leicht f\u00e4llt<\/p>\n<p>da engagierte LehrerInnen fordern<\/p>\n<p>die \u00e9l\u00e8ves labern famos<\/p>\n<p>das Erlernte leichtf\u00fc\u00dfig<\/p>\n<p>dargebracht extra locker formuliert<\/p>\n<p>die elaborierte Lexik facettenreich<\/p>\n<p>debattieren erkl\u00e4ren l\u00e4sst fantastisch<\/p>\n<p>deren einzelne Leistungen final<\/p>\n<p>die Einstellung liefert Furioses<\/p>\n<p>dementsprechende Lehrerfreuden<\/p>\n<p>dokumentiert ertragreiches Lernfeld<\/p>\n<p>Diplom erhalten Leistungen fantastisch<\/p>\n<p>der Erfolg l\u00e4sst feiern<\/p>\n<p>Dank erf\u00e4hrt LehrerIn final<\/p>\n<p>&nbsp;<\/p>\n<p><strong>DELF &#8211; Dipl\u00f4me d&#8217;Etudes en langue fran\u00e7aise<\/strong><\/p>\n<p>24 Sch\u00fclerInnen, die teilweise im Rahmen von Begabtenf\u00f6rderungsstunden speziell auf das Sprachdiplom vorbereitet wurden, nahmen in diesem Schuljahr erfolgreich an den DELF-Pr\u00fcfungen in den unterschiedlichen Niveaus teil. Besonders erfreulich war die sehr gro\u00dfe Teilnehmerzahl am Niveau B2. Hier zeigten die Maturantinnen sowohl aus Lang- als auch aus Kurzform ein h\u00f6heres Niveau als bei der Reifepr\u00fcfung verlangt wird. Die sehr guten Ergebnisse in den Niveaus darunter lassen in den n\u00e4chsten Jahren auf \u00c4hnliches hoffen.<\/p>\n<p>Am 24.05.2019 wurden nun die attestations de r\u00e9ussite an die Kandidatinnen und Kandidaten im Beisein der FachlehrerInnen und unseres Direktors Mag. Josef Spreitz \u00fcbergeben und die Leistungen gemeinsam beklatscht und gefeiert.<\/p>\n<p style=\"text-align: right;\">Mag. Klaus Vogl<\/p>\n<div class=\"aligncenter\">\n<div class=\"cmsms_img  cmsms_image_c\">\n<a href=\"http:\/\/gymnasium-amstetten.at\/?attachment_id=38905\" target=\"_blank\" rel=\"noopener\"><img decoding=\"async\" src=\"\" alt=\"\" \/><\/a>\n<\/div>\n<\/div>\n\n","protected":false},"excerpt":{"rendered":"<p>DELF &#8211; Dipl\u00f4me d&#8217;Etudes en langue fran\u00e7aise<\/p>\n","protected":false},"author":1,"featured_media":38906,"comment_status":"closed","ping_status":"closed","sticky":false,"template":"","format":"standard","meta":{"footnotes":""},"categories":[26,13,8],"tags":[],"class_list":["post-38903","post","type-post","status-publish","format-standard","has-post-thumbnail","hentry","category-26","category-aktuelles","category-sprachen"],"_links":{"self":[{"href":"https:\/\/www.bgamstetten.ac.at\/index.php\/wp-json\/wp\/v2\/posts\/38903","targetHints":{"allow":["GET"]}}],"collection":[{"href":"https:\/\/www.bgamstetten.ac.at\/index.php\/wp-json\/wp\/v2\/posts"}],"about":[{"href":"https:\/\/www.bgamstetten.ac.at\/index.php\/wp-json\/wp\/v2\/types\/post"}],"author":[{"embeddable":true,"href":"https:\/\/www.bgamstetten.ac.at\/index.php\/wp-json\/wp\/v2\/users\/1"}],"replies":[{"embeddable":true,"href":"https:\/\/www.bgamstetten.ac.at\/index.php\/wp-json\/wp\/v2\/comments?post=38903"}],"version-history":[{"count":0,"href":"https:\/\/www.bgamstetten.ac.at\/index.php\/wp-json\/wp\/v2\/posts\/38903\/revisions"}],"wp:featuredmedia":[{"embeddable":true,"href":"https:\/\/www.bgamstetten.ac.at\/index.php\/wp-json\/"}],"wp:attachment":[{"href":"https:\/\/www.bgamstetten.ac.at\/index.php\/wp-json\/wp\/v2\/media?parent=38903"}],"wp:term":[{"taxonomy":"category","embeddable":true,"href":"https:\/\/www.bgamstetten.ac.at\/index.php\/wp-json\/wp\/v2\/categories?post=38903"},{"taxonomy":"post_tag","embeddable":true,"href":"https:\/\/www.bgamstetten.ac.at\/index.php\/wp-json\/wp\/v2\/tags?post=38903"}],"curies":[{"name":"wp","href":"https:\/\/api.w.org\/{rel}","templated":true}]}}