{"id":36282,"date":"2019-03-14T00:20:06","date_gmt":"2019-03-13T22:20:06","guid":{"rendered":"http:\/\/gymnasium-amstetten.at\/?p=36282"},"modified":"2019-03-14T00:20:06","modified_gmt":"2019-03-13T22:20:06","slug":"comic-workshop","status":"publish","type":"post","link":"https:\/\/www.bgamstetten.ac.at\/index.php\/2019\/03\/14\/comic-workshop\/","title":{"rendered":"Comic &#8211; Workshop"},"content":{"rendered":"<style type=\"text\/css\"><\/style><p>Die 6a und die 6c Klasse hatten am 12. M\u00e4rz bei einem Workshop mit der K\u00fcnstlerin Evi Leuchtgelb<!--more--> die Gelegenheit, ihr Wissen \u00fcber Comics theoretisch und praktisch zu vertiefen.<\/p>\n<p>Von den ersten Bildgeschichten in steinzeitlichen H\u00f6hlenmalereien bis zum zeitgen\u00f6ssischen japanischen Manga war es ein weiter Weg, erst seit den letzten Jahrzehnten werden Comics als eigene Kunstrichtung anerkannt.<\/p>\n<p>Im praktischen Teil wurde an einer Selfie Story gearbeitet, Fotos entstanden, die kreativ \u00fcberarbeitet und verfremdet eine Geschichte in Form eines Fotocomics erz\u00e4hlen. Die entstandenen Arbeiten werden an einem Wettbewerb zur diesj\u00e4hrigen nieder\u00f6sterreichischen Landesausstellung teilnehmen.<\/p>\n<p style=\"text-align: right;\">Mag. Luise Stolz<\/p>\n<div class=\"aligncenter\">\n<div class=\"cmsms_img  cmsms_image_c\">\n<img decoding=\"async\" src=\"\" alt=\"\" \/>\n<\/div>\n<\/div>\n\n<p>&nbsp;<\/p>\n","protected":false},"excerpt":{"rendered":"<p>Die 6a und die 6c Klasse hatten am 12. M\u00e4rz bei einem Workshop mit der K\u00fcnstlerin Evi Leuchtgelb<\/p>\n","protected":false},"author":1,"featured_media":36284,"comment_status":"closed","ping_status":"closed","sticky":false,"template":"","format":"standard","meta":{"footnotes":""},"categories":[26,13,7],"tags":[],"class_list":["post-36282","post","type-post","status-publish","format-standard","has-post-thumbnail","hentry","category-26","category-aktuelles","category-musikalisches-und-kreatives"],"_links":{"self":[{"href":"https:\/\/www.bgamstetten.ac.at\/index.php\/wp-json\/wp\/v2\/posts\/36282","targetHints":{"allow":["GET"]}}],"collection":[{"href":"https:\/\/www.bgamstetten.ac.at\/index.php\/wp-json\/wp\/v2\/posts"}],"about":[{"href":"https:\/\/www.bgamstetten.ac.at\/index.php\/wp-json\/wp\/v2\/types\/post"}],"author":[{"embeddable":true,"href":"https:\/\/www.bgamstetten.ac.at\/index.php\/wp-json\/wp\/v2\/users\/1"}],"replies":[{"embeddable":true,"href":"https:\/\/www.bgamstetten.ac.at\/index.php\/wp-json\/wp\/v2\/comments?post=36282"}],"version-history":[{"count":0,"href":"https:\/\/www.bgamstetten.ac.at\/index.php\/wp-json\/wp\/v2\/posts\/36282\/revisions"}],"wp:featuredmedia":[{"embeddable":true,"href":"https:\/\/www.bgamstetten.ac.at\/index.php\/wp-json\/"}],"wp:attachment":[{"href":"https:\/\/www.bgamstetten.ac.at\/index.php\/wp-json\/wp\/v2\/media?parent=36282"}],"wp:term":[{"taxonomy":"category","embeddable":true,"href":"https:\/\/www.bgamstetten.ac.at\/index.php\/wp-json\/wp\/v2\/categories?post=36282"},{"taxonomy":"post_tag","embeddable":true,"href":"https:\/\/www.bgamstetten.ac.at\/index.php\/wp-json\/wp\/v2\/tags?post=36282"}],"curies":[{"name":"wp","href":"https:\/\/api.w.org\/{rel}","templated":true}]}}