{"id":36197,"date":"2019-03-11T23:57:35","date_gmt":"2019-03-11T21:57:35","guid":{"rendered":"http:\/\/gymnasium-amstetten.at\/?p=36197"},"modified":"2019-03-11T23:57:35","modified_gmt":"2019-03-11T21:57:35","slug":"ganz-vorne-in-latein","status":"publish","type":"post","link":"https:\/\/www.bgamstetten.ac.at\/index.php\/2019\/03\/11\/ganz-vorne-in-latein\/","title":{"rendered":"Ganz vorne in Latein!"},"content":{"rendered":"<style type=\"text\/css\"> \n#cmsms_row_69f52abe6fb5b .cmsms_row_outer_parent { \n\tpadding-top: 0px; \n} \n\n#cmsms_row_69f52abe6fb5b .cmsms_row_outer_parent { \n\tpadding-bottom: 50px; \n} \n\n \n#cmsms_row_69f52abe6fd22 .cmsms_row_outer_parent { \n\tpadding-top: 0px; \n} \n\n#cmsms_row_69f52abe6fd22 .cmsms_row_outer_parent { \n\tpadding-bottom: 50px; \n} \n\n<\/style><div id=\"cmsms_row_69f52abe6fb5b\" class=\"cmsms_row cmsms_color_scheme_default\">\n<div class=\"cmsms_row_outer_parent\">\n<div class=\"cmsms_row_outer\">\n<div class=\"cmsms_row_inner\">\n<div class=\"cmsms_row_margin\">\n<div class=\"cmsms_column one_first\">\n<div class=\"cmsms_text\">\n<p>Carla Weigl, Sch\u00fclerin der 8a, konnte ihr hervorragendes Ergebnis des vergangenen Jahres \u2013 2. Platz in der Kategorie vierj\u00e4hriges Latein \u2013 noch \u00fcbertreffen und errang am 6. M\u00e4rz in St. P\u00f6lten den ersten Platz.<!--more--><br \/>\nUm zu zeigen, dass die lateinische Sprache nicht nur auf die Antike beschr\u00e4nkt, sondern bis in die Neuzeit die gemeinsame Sprache der gebildeten Schichten Europas war, w\u00e4hlten die Organisatoren des diesj\u00e4hrigen Wettbewerbes Texte des Humanisten Erasmus von Rotterdam (15.\/16. Jhdt.), des Namensgebers des bekannten Stipendien-Programms der Europ\u00e4ischen Union. Die am\u00fcsanten Texte der schriftlichen und m\u00fcndlichen Klausur handelten von den unglaublichen Zust\u00e4nden in deutschen Herbergen um das Jahr 1530. Carla ist aufgrund dieser Platzierung wieder zur Teilnahme am Bundeswettbewerb, bei dem sie letztes Jahr den vierten Platz belegte, berechtigt. Der heurige Bundeswettbewerb wird im April in Velden am W\u00f6rthersee\/K\u00e4rnten stattfinden. Wir w\u00fcnschen daf\u00fcr viel Gl\u00fcck!<\/p>\n<p style=\"text-align: right;\">Dr. Astrid Schuller<\/p>\n<\/div>\n<\/div>\n<\/div>\n<\/div>\n<\/div>\n<\/div>\n<\/div>\n<div id=\"cmsms_row_69f52abe6fd22\" class=\"cmsms_row cmsms_color_scheme_default\">\n<div class=\"cmsms_row_outer_parent\">\n<div class=\"cmsms_row_outer\">\n<div class=\"cmsms_row_inner\">\n<div class=\"cmsms_row_margin\">\n<div class=\"cmsms_column one_first\">\n<p><script type=\"text\/javascript\">jQuery(document).ready(function () { jQuery(\"#cmsms_hover_slider_69f52abe6fe98\").cmsmsHoverSlider( { sliderBlock : \"#cmsms_hover_slider_69f52abe6fe98\", sliderItems : \".cmsms_hover_slider_items\", thumbWidth : \"100\", thumbHeight : \"60\", activeSlide : 1, pauseTime : 5000, pauseOnHover : true } );} );<\/script><div id=\"cmsms_hover_slider_69f52abe6fe98\" class=\"cmsms_hover_slider\">\n<ul class=\"cmsms_hover_slider_items\">\n<li><figure class=\"cmsms_hover_slider_full_img\"><\/figure><\/li><li><figure class=\"cmsms_hover_slider_full_img\"><\/figure><\/li><li><figure class=\"cmsms_hover_slider_full_img\"><\/figure><\/li><li><figure class=\"cmsms_hover_slider_full_img\"><\/figure><\/li><li><figure class=\"cmsms_hover_slider_full_img\"><\/figure><\/li><li><figure class=\"cmsms_hover_slider_full_img\"><\/figure><\/li><\/ul>\n<\/div>\n<\/div>\n<\/div>\n<\/div>\n<\/div>\n<\/div>\n<\/div>\n\n","protected":false},"excerpt":{"rendered":"<p>Carla Weigl, Sch\u00fclerin der 8a, konnte ihr hervorragendes Ergebnis des vergangenen Jahres \u2013 2. Platz in der Kategorie vierj\u00e4hriges Latein \u2013 noch \u00fcbertreffen und errang am 6. M\u00e4rz in St. P\u00f6lten den ersten Platz.<\/p>\n","protected":false},"author":1,"featured_media":36201,"comment_status":"closed","ping_status":"closed","sticky":false,"template":"","format":"standard","meta":{"footnotes":""},"categories":[26,13,3,8],"tags":[],"class_list":["post-36197","post","type-post","status-publish","format-standard","has-post-thumbnail","hentry","category-26","category-aktuelles","category-allgemein","category-sprachen"],"_links":{"self":[{"href":"https:\/\/www.bgamstetten.ac.at\/index.php\/wp-json\/wp\/v2\/posts\/36197","targetHints":{"allow":["GET"]}}],"collection":[{"href":"https:\/\/www.bgamstetten.ac.at\/index.php\/wp-json\/wp\/v2\/posts"}],"about":[{"href":"https:\/\/www.bgamstetten.ac.at\/index.php\/wp-json\/wp\/v2\/types\/post"}],"author":[{"embeddable":true,"href":"https:\/\/www.bgamstetten.ac.at\/index.php\/wp-json\/wp\/v2\/users\/1"}],"replies":[{"embeddable":true,"href":"https:\/\/www.bgamstetten.ac.at\/index.php\/wp-json\/wp\/v2\/comments?post=36197"}],"version-history":[{"count":0,"href":"https:\/\/www.bgamstetten.ac.at\/index.php\/wp-json\/wp\/v2\/posts\/36197\/revisions"}],"wp:featuredmedia":[{"embeddable":true,"href":"https:\/\/www.bgamstetten.ac.at\/index.php\/wp-json\/"}],"wp:attachment":[{"href":"https:\/\/www.bgamstetten.ac.at\/index.php\/wp-json\/wp\/v2\/media?parent=36197"}],"wp:term":[{"taxonomy":"category","embeddable":true,"href":"https:\/\/www.bgamstetten.ac.at\/index.php\/wp-json\/wp\/v2\/categories?post=36197"},{"taxonomy":"post_tag","embeddable":true,"href":"https:\/\/www.bgamstetten.ac.at\/index.php\/wp-json\/wp\/v2\/tags?post=36197"}],"curies":[{"name":"wp","href":"https:\/\/api.w.org\/{rel}","templated":true}]}}