{"id":36175,"date":"2019-03-11T20:17:33","date_gmt":"2019-03-11T18:17:33","guid":{"rendered":"http:\/\/gymnasium-amstetten.at\/?p=36175"},"modified":"2019-03-11T20:17:33","modified_gmt":"2019-03-11T18:17:33","slug":"2-platz-in-englisch","status":"publish","type":"post","link":"https:\/\/www.bgamstetten.ac.at\/index.php\/2019\/03\/11\/2-platz-in-englisch\/","title":{"rendered":"2. Platz in Englisch!"},"content":{"rendered":"<style type=\"text\/css\"><\/style><div class=\"\">Am Mittwoch, den 6.M\u00e4rz 2019 vertraten Lisa Waidhofer (8Bi) und Anna Fasching (7A) unser Gymnasium beim 33. N\u00d6 Fremdsprachenwettbewerb in St. P\u00f6lten in Englisch.<\/div>\n<p><!--more--><\/p>\n<div class=\"\">\n<p>Anna Fasching kam locker in die zweite Runde und damit unter die ersten 12. Lisa Waidhofer konnte auch noch in der 2. Runde \u00fcberzeugen und stand schlie\u00dflich in der finalen Ausscheidung. Zum Schluss konnte sie mit ihren hervorragenden Englischkenntnissen den gro\u00dfartigen zweiten Platz belegen. Ein Ergebnis, zu dem wir ihr alle herzlich gratulieren. Bei der Preisverleihung am Tag darauf wurde der Erfolg geb\u00fchrlich gefeiert und unsere Sch\u00fclerinnen konnten ihre wohlverdienten Preise mit nach Hause nehmen.<\/p>\n<p>Herzliche Gratulation nochmals allen Gewinnern!<\/p>\n<\/div>\n<div><\/div>\n<div style=\"text-align: right;\">Mag. Doris Weger<\/div>\n<div><\/div>\n<div style=\"text-align: center;\"><div class=\"cmsms_gallery\">\n<ul>\n<li class=\"one_fourth\">\n<figure><a href=\"\" rel=\"ilightbox[69f52abf251ec]\"><\/a><\/figure><\/li>\n<li class=\"one_fourth\">\n<figure><a href=\"\" rel=\"ilightbox[69f52abf251ec]\"><\/a><\/figure><\/li>\n<li class=\"one_fourth\">\n<figure><a href=\"\" rel=\"ilightbox[69f52abf251ec]\"><\/a><\/figure><\/li>\n<li class=\"one_fourth\">\n<figure><a href=\"\" rel=\"ilightbox[69f52abf251ec]\"><\/a><\/figure><\/li>\n<li class=\"one_fourth\">\n<figure><a href=\"\" rel=\"ilightbox[69f52abf251ec]\"><\/a><\/figure><\/li>\n<li class=\"one_fourth\">\n<figure><a href=\"\" rel=\"ilightbox[69f52abf251ec]\"><\/a><\/figure><\/li>\n<li class=\"one_fourth\">\n<figure><a href=\"\" rel=\"ilightbox[69f52abf251ec]\"><\/a><\/figure><\/li>\n<li class=\"one_fourth\">\n<figure><a href=\"\" rel=\"ilightbox[69f52abf251ec]\"><\/a><\/figure><\/li>\n<li class=\"one_fourth\">\n<figure><a href=\"\" rel=\"ilightbox[69f52abf251ec]\"><\/a><\/figure><\/li>\n<\/ul>\n<\/div>\n<\/div>\n","protected":false},"excerpt":{"rendered":"<p>Am Mittwoch, den 6.M\u00e4rz 2019 vertraten Lisa Waidhofer (8Bi) und Anna Fasching (7A) unser Gymnasium beim 33. N\u00d6 Fremdsprachenwettbewerb in St. P\u00f6lten in Englisch.<\/p>\n","protected":false},"author":1,"featured_media":36178,"comment_status":"closed","ping_status":"closed","sticky":false,"template":"","format":"standard","meta":{"footnotes":""},"categories":[26,3,8],"tags":[],"class_list":["post-36175","post","type-post","status-publish","format-standard","has-post-thumbnail","hentry","category-26","category-allgemein","category-sprachen"],"_links":{"self":[{"href":"https:\/\/www.bgamstetten.ac.at\/index.php\/wp-json\/wp\/v2\/posts\/36175","targetHints":{"allow":["GET"]}}],"collection":[{"href":"https:\/\/www.bgamstetten.ac.at\/index.php\/wp-json\/wp\/v2\/posts"}],"about":[{"href":"https:\/\/www.bgamstetten.ac.at\/index.php\/wp-json\/wp\/v2\/types\/post"}],"author":[{"embeddable":true,"href":"https:\/\/www.bgamstetten.ac.at\/index.php\/wp-json\/wp\/v2\/users\/1"}],"replies":[{"embeddable":true,"href":"https:\/\/www.bgamstetten.ac.at\/index.php\/wp-json\/wp\/v2\/comments?post=36175"}],"version-history":[{"count":0,"href":"https:\/\/www.bgamstetten.ac.at\/index.php\/wp-json\/wp\/v2\/posts\/36175\/revisions"}],"wp:featuredmedia":[{"embeddable":true,"href":"https:\/\/www.bgamstetten.ac.at\/index.php\/wp-json\/"}],"wp:attachment":[{"href":"https:\/\/www.bgamstetten.ac.at\/index.php\/wp-json\/wp\/v2\/media?parent=36175"}],"wp:term":[{"taxonomy":"category","embeddable":true,"href":"https:\/\/www.bgamstetten.ac.at\/index.php\/wp-json\/wp\/v2\/categories?post=36175"},{"taxonomy":"post_tag","embeddable":true,"href":"https:\/\/www.bgamstetten.ac.at\/index.php\/wp-json\/wp\/v2\/tags?post=36175"}],"curies":[{"name":"wp","href":"https:\/\/api.w.org\/{rel}","templated":true}]}}