{"id":35293,"date":"2019-02-13T11:36:46","date_gmt":"2019-02-13T09:36:46","guid":{"rendered":"http:\/\/gymnasium-amstetten.at\/?p=35293"},"modified":"2019-02-13T11:36:46","modified_gmt":"2019-02-13T09:36:46","slug":"begeisterung-bei-franzoesisch-sprachwettbewerb","status":"publish","type":"post","link":"https:\/\/www.bgamstetten.ac.at\/index.php\/2019\/02\/13\/begeisterung-bei-franzoesisch-sprachwettbewerb\/","title":{"rendered":"Begeisterung bei Franz\u00f6sisch-Sprachwettbewerb"},"content":{"rendered":"<style type=\"text\/css\"><\/style><p>Mit einem breiten Grinsen im Gesicht wegen der hervorragenden Leistungen<!--more--> und der \u00fcberaus entspannten Atmosph\u00e4re beginnt der Fachgruppenleiter, auf Deutsch \u2013 soll ja auch jeder verstehen, warum er sich so freut -, den Artikel, wobei\u2026 Das w\u00e4r doch eigentlich ein Grund, \u201ela plus belle langue du monde\u201c zu erlernen, oder?<\/p>\n<p>Alors, d\u00e9brouillez-vous, je m\u00b4en fous. Le concours oral 2019 de notre lyc\u00e9e, tour qualificatif pour le concours r\u00e9gional en Basse-Autriche, s\u00b4est d\u00e9roul\u00e9 dans les meilleures conditions au CDI de l\u00b4\u00e9cole. Organis\u00e9 par le \u00ab\u00a0chef\u00a0\u00bb de l\u00b4\u00e9quipe de fran\u00e7ais Mag. Klaus Vogl et son petit jury sympa, compos\u00e9 de Mag. Elisa En\u00f6ckl et MMag. Matthias Haslauer, le concours avait des nouveaut\u00e9s \u00e0 offrir. Douze \u00e9l\u00e8ves, certes nos meilleurs, nos plus ambitieux et courageux, peut-\u00eatre l\u00e9g\u00e8rement forc\u00e9s \u00e0 participer par leurs profs, se sont align\u00e9s face au d\u00e9fi d\u00b4un monologue classique concernant des sujets diff\u00e9rents (loisirs, mode, sports, r\u00e9seaux sociaux,\u2026) et d\u00b4une activit\u00e9 spontan\u00e9e et plus cr\u00e9ative \u00e0 l\u00b4aide des <u>mots-cl\u00e9s<\/u>, ce qui faisait un peu slam, voire un peu freestyle pour ceux qui s\u00b4y connaissent dans le <u>rap<\/u>. Il y avait des histoires de \u00ab\u00a0<u>Joyeux<\/u> No\u00ebl\u00a0\u00bb au temps de P\u00e2ques, et des fautes aux <u>tableaux<\/u>, il y avait des dames avec un hamster \u00e0 Amsterdam et des <u>m\u00e8res<\/u> sans int\u00e9r\u00eat <u>politique<\/u> et la politique sans int\u00e9r\u00eat pour les m\u00e8res, et on a d\u00e9couvert des <u>couverts<\/u> de tous les sens, notamment des couverts qui couvrent, des couverts qui ne savent pas \u00e9crire, des couverts qui enveloppent une lettre ou t\u00b4enveloppent au sommeil au lit et bien s\u00fbr des couverts qui servent \u00e0 <u>manger<\/u>, des <u>animaux<\/u> par exemple, comme les poissons dans l\u00b4aquarium, mais certainement pas le chien Moritza qui n\u00b4\u00e9tait jamais <u>fatigu\u00e9<\/u>. Finalement tous les participants \u00e9taient <u>heureux<\/u>, d\u00b4un c\u00f4t\u00e9 en mangeant des fruits mis \u00e0 disposition par l\u00b4organisation comme ravitaillement bien vitamin\u00e9, d\u00b4un autre les gagnants en rentrant \u00e0 la <u>maison<\/u> avec un bon <u>film<\/u> sur DVD comme r\u00e9compense bien m\u00e9rit\u00e9 dans leurs mains.<\/p>\n<p>Gratulation an alle Teilnehmerinnen und Teilnehmer\u00a0! Ihr wusstet mit enormer Sprachrichtigkeit, gro\u00dfem Wortschatz, riesigem Einfallsreichtum, einer gewissen Lockerheit und Nat\u00fcrlichkeit, Kreativit\u00e4t, Schlagfertigkeit und vor allem Sprachbegeisterung zu beeindrucken. Chapeau!<\/p>\n<p>Besonders hervorzuheben das Podium auf dem Niveau B1 mit Carla Weigl auf Platz 1, Anna Langenreither auf Platz 2 und Fabian Brandner auf Platz 3. Auf Niveau A2 standen ihnen Patty Maderthaner, Jona Weigl und Moritz Herbst um nichts nach. Alles Gute weiterhin!<\/p>\n<p>Bonne continuation en fran\u00e7ais!<\/p>\n<p>&nbsp;<\/p>\n<p style=\"text-align: right;\">Mag. Klaus Vogl<\/p>\n<div class=\"content_slider_wrap\" style=\"max-width:px;\">\n<script type=\"text\/javascript\">jQuery(document).ready(function () { jQuery(\"#cmsms_slider_69f519682d4c5.content_slider\").owlCarousel( { singleItem : true, transitionStyle: false, rewindSpeed : 1000, slideSpeed : 600, autoHeight : true, paginationSpeed : \t600, autoPlay : 7000,stopOnHover: true, navigationText : \t[ \"<span class=\\\"cmsms_prev_arrow\\\"><\/span>\", \"<span class=\\\"cmsms_next_arrow\\\"><\/span>\" ] } );} );<\/script>\n<div id=\"cmsms_slider_69f519682d4c5\" class=\"content_slider owl-carousel\">\n<div class=\"item\"><\/div><div class=\"item\"><\/div><div class=\"item\"><\/div><\/div>\n<\/div>\n\n","protected":false},"excerpt":{"rendered":"<p>Mit einem breiten Grinsen im Gesicht wegen der hervorragenden Leistungen<\/p>\n","protected":false},"author":1,"featured_media":35295,"comment_status":"closed","ping_status":"closed","sticky":false,"template":"","format":"standard","meta":{"footnotes":""},"categories":[26,13,8],"tags":[],"class_list":["post-35293","post","type-post","status-publish","format-standard","has-post-thumbnail","hentry","category-26","category-aktuelles","category-sprachen"],"_links":{"self":[{"href":"https:\/\/www.bgamstetten.ac.at\/index.php\/wp-json\/wp\/v2\/posts\/35293","targetHints":{"allow":["GET"]}}],"collection":[{"href":"https:\/\/www.bgamstetten.ac.at\/index.php\/wp-json\/wp\/v2\/posts"}],"about":[{"href":"https:\/\/www.bgamstetten.ac.at\/index.php\/wp-json\/wp\/v2\/types\/post"}],"author":[{"embeddable":true,"href":"https:\/\/www.bgamstetten.ac.at\/index.php\/wp-json\/wp\/v2\/users\/1"}],"replies":[{"embeddable":true,"href":"https:\/\/www.bgamstetten.ac.at\/index.php\/wp-json\/wp\/v2\/comments?post=35293"}],"version-history":[{"count":0,"href":"https:\/\/www.bgamstetten.ac.at\/index.php\/wp-json\/wp\/v2\/posts\/35293\/revisions"}],"wp:featuredmedia":[{"embeddable":true,"href":"https:\/\/www.bgamstetten.ac.at\/index.php\/wp-json\/"}],"wp:attachment":[{"href":"https:\/\/www.bgamstetten.ac.at\/index.php\/wp-json\/wp\/v2\/media?parent=35293"}],"wp:term":[{"taxonomy":"category","embeddable":true,"href":"https:\/\/www.bgamstetten.ac.at\/index.php\/wp-json\/wp\/v2\/categories?post=35293"},{"taxonomy":"post_tag","embeddable":true,"href":"https:\/\/www.bgamstetten.ac.at\/index.php\/wp-json\/wp\/v2\/tags?post=35293"}],"curies":[{"name":"wp","href":"https:\/\/api.w.org\/{rel}","templated":true}]}}