{"id":34082,"date":"2018-12-04T00:38:09","date_gmt":"2018-12-03T22:38:09","guid":{"rendered":"http:\/\/gymnasium-amstetten.at\/?p=34082"},"modified":"2018-12-04T00:38:09","modified_gmt":"2018-12-03T22:38:09","slug":"glaube-liebe-hoffnung-im-burgtheater","status":"publish","type":"post","link":"https:\/\/www.bgamstetten.ac.at\/index.php\/2018\/12\/04\/glaube-liebe-hoffnung-im-burgtheater\/","title":{"rendered":"&#8222;Glaube Liebe Hoffnung&#8220; im Burgtheater"},"content":{"rendered":"<style type=\"text\/css\"> \n#cmsms_row_69f5088f22b11 .cmsms_row_outer_parent { \n\tpadding-top: 0px; \n} \n\n#cmsms_row_69f5088f22b11 .cmsms_row_outer_parent { \n\tpadding-bottom: 50px; \n} \n\n \n#cmsms_row_69f5088f22e35 .cmsms_row_outer_parent { \n\tpadding-top: 0px; \n} \n\n#cmsms_row_69f5088f22e35 .cmsms_row_outer_parent { \n\tpadding-bottom: 50px; \n} \n\n<\/style><div id=\"cmsms_row_69f5088f22b11\" class=\"cmsms_row cmsms_color_scheme_default\">\n<div class=\"cmsms_row_outer_parent\">\n<div class=\"cmsms_row_outer\">\n<div class=\"cmsms_row_inner\">\n<div class=\"cmsms_row_margin\">\n<div class=\"cmsms_column one_first\">\n<div class=\"cmsms_text\">\n<p>Am 3.12. machte sich die Sprachklasse 8a mit Prof. Freudenschu\u00df und ihrem Klassenvorstand Prof. Sengschmid auf, um in Wien einen spannenden Theaterabend zu verbringen.<!--more--> Auf dem Plan stand \u00d6d\u00f6n von Horvaths \u201eGlaube Liebe Hoffnung\u201c im Burgtheater. Waren es in den letzten Jahren das Theater Ph\u00f6nix in Linz und das Theater in der Josefstadt, so wagte man sich heuer in den \u201eTempel des deutschen Sprechtheaters&#8220;.<\/p>\n<p>Nach der Mittagspause gut gest\u00e4rkt, ging es in die Bundeshauptstadt, die bereits im adventlichen Flair erstrahlte. Nach dem Besuch des stimmungsvollen Christkindlmarktes am Karlsplatz mit wertvollem Kunsthandwerk und einem stilvollen Abendessen im italienischen Restaurant \u201eI ragazzi\u201c wurde von den \u201eragazzi\u201c das Burgtheater angesteuert.<\/p>\n<p>Dort erlebten die Sch\u00fcler eine packende, auch bewusst verst\u00f6rende Inszenierung von Horvaths sozialkritischem St\u00fcck \u00fcber eine junge Frau, die in der Zeit der Weltwirtschaftskrise und des aufkommenden Faschismus zum Opfer von Egoismus, Zynismus und sozialer K\u00e4lte wird. Durch das reduzierte B\u00fchnenbild, das haupts\u00e4chlich mit Licht und effektvollen Menschenaufl\u00e4ufen seine Wirkung entfaltete, kam das grandiose Schauspiel der Hauptdarstellerin Andrea Wenzl, die im St\u00fcck an ihre psychischen und physischen Grenzen getrieben wird, voll zur Geltung. Dass dabei auch m\u00e4nnliche Schauspieler vollen K\u00f6rpereinsatz zeigten, begeisterte auch die eine oder andere Sch\u00fclerin.<\/p>\n<p>Mit viel Stoff zum Nachdenken, aber auch mit gro\u00dfen Eindr\u00fccken war nach Mitternacht Amstetten wieder erreicht.<\/p>\n<\/div>\n<\/div>\n<\/div>\n<\/div>\n<\/div>\n<\/div>\n<\/div>\n<div id=\"cmsms_row_69f5088f22e35\" class=\"cmsms_row cmsms_color_scheme_default\">\n<div class=\"cmsms_row_outer_parent\">\n<div class=\"cmsms_row_outer\">\n<div class=\"cmsms_row_inner\">\n<div class=\"cmsms_row_margin\">\n<div class=\"cmsms_column one_first\">\n<div class=\"cmsms_gallery\">\n<ul>\n<li class=\"one_fourth\">\n<figure><a href=\"\" rel=\"ilightbox[69f5088f2303b]\"><\/a><\/figure><\/li>\n<li class=\"one_fourth\">\n<figure><a href=\"\" rel=\"ilightbox[69f5088f2303b]\"><\/a><\/figure><\/li>\n<li class=\"one_fourth\">\n<figure><a href=\"\" rel=\"ilightbox[69f5088f2303b]\"><\/a><\/figure><\/li>\n<li class=\"one_fourth\">\n<figure><a href=\"\" rel=\"ilightbox[69f5088f2303b]\"><\/a><\/figure><\/li>\n<\/ul>\n<\/div>\n<\/div>\n<\/div>\n<\/div>\n<\/div>\n<\/div>\n<\/div>\n\n","protected":false},"excerpt":{"rendered":"<p>Am 3.12. machte sich die Sprachklasse 8a mit Prof. Freudenschu\u00df und ihrem Klassenvorstand Prof. Sengschmid auf, um in Wien einen spannenden Theaterabend zu verbringen.<\/p>\n","protected":false},"author":1,"featured_media":34085,"comment_status":"closed","ping_status":"closed","sticky":false,"template":"","format":"standard","meta":{"footnotes":""},"categories":[26,3,8],"tags":[],"class_list":["post-34082","post","type-post","status-publish","format-standard","has-post-thumbnail","hentry","category-26","category-allgemein","category-sprachen"],"_links":{"self":[{"href":"https:\/\/www.bgamstetten.ac.at\/index.php\/wp-json\/wp\/v2\/posts\/34082","targetHints":{"allow":["GET"]}}],"collection":[{"href":"https:\/\/www.bgamstetten.ac.at\/index.php\/wp-json\/wp\/v2\/posts"}],"about":[{"href":"https:\/\/www.bgamstetten.ac.at\/index.php\/wp-json\/wp\/v2\/types\/post"}],"author":[{"embeddable":true,"href":"https:\/\/www.bgamstetten.ac.at\/index.php\/wp-json\/wp\/v2\/users\/1"}],"replies":[{"embeddable":true,"href":"https:\/\/www.bgamstetten.ac.at\/index.php\/wp-json\/wp\/v2\/comments?post=34082"}],"version-history":[{"count":0,"href":"https:\/\/www.bgamstetten.ac.at\/index.php\/wp-json\/wp\/v2\/posts\/34082\/revisions"}],"wp:featuredmedia":[{"embeddable":true,"href":"https:\/\/www.bgamstetten.ac.at\/index.php\/wp-json\/"}],"wp:attachment":[{"href":"https:\/\/www.bgamstetten.ac.at\/index.php\/wp-json\/wp\/v2\/media?parent=34082"}],"wp:term":[{"taxonomy":"category","embeddable":true,"href":"https:\/\/www.bgamstetten.ac.at\/index.php\/wp-json\/wp\/v2\/categories?post=34082"},{"taxonomy":"post_tag","embeddable":true,"href":"https:\/\/www.bgamstetten.ac.at\/index.php\/wp-json\/wp\/v2\/tags?post=34082"}],"curies":[{"name":"wp","href":"https:\/\/api.w.org\/{rel}","templated":true}]}}