{"id":31385,"date":"2018-06-27T10:19:33","date_gmt":"2018-06-27T08:19:33","guid":{"rendered":"http:\/\/gymnasium-amstetten.at\/?p=31385"},"modified":"2018-06-27T10:19:33","modified_gmt":"2018-06-27T08:19:33","slug":"omnes-viae-romam-ducunt","status":"publish","type":"post","link":"https:\/\/www.bgamstetten.ac.at\/index.php\/2018\/06\/27\/omnes-viae-romam-ducunt\/","title":{"rendered":"Omnes viae Romam ducunt&#8230;"},"content":{"rendered":"<style type=\"text\/css\"><\/style><p>Auch im Schuljahr 2017\/18 (17.6.-23.6.) bot das Gymnasium Amstetten den Lateinsch\u00fclerInnen des Sprach- und Informatikzweiges der 7. Klassen die M\u00f6glichkeit in Sprache, Kultur und Geschichte einer Weltstadt einzutauchen. Keine andere Metropole hat unseren Kulturkreis so nachhaltig gepr\u00e4gt wie die Stadt Rom.<\/p>\n<p>Im Vorfeld bereiteten die 22 Jugendlichen Kurzreferate zu den geplanten Sehensw\u00fcrdigkeiten vor, die dann vor Ort vorgetragen wurden. Als Artikel k\u00f6nnen sie in gedruckter und gebundener Form im eigens zusammengestellten Romf\u00fchrer nachgelesen werden.<\/p>\n<p>Das Besichtigungspaket sollte den Bogen von Antike \u00fcber das Mittelalter zur Neuzeit spannen, um die gro\u00dfe Wirkungsbreite der \u201eewigen\u201c Stadt erlebbar zu machen: Forum Romanum, Kolosseum, Palatin, die Patriarchalkirchen, der Vatikan, die Ara Pacis, verschiedene Kunstsammlungen, etc. Die Sch\u00fclerInnen traten zudem eine Busreise nach Pompeji an den Golf von Neapel an, um sich den Alltag eines Menschen der Antike noch besser vorstellen zu k\u00f6nnen. Die Stadt weckte durch ihr reges Treiben allerdings auch die Lust nach Shopping, Flanieren und kulinarischen Gen\u00fcssen. Auch all das durfte nat\u00fcrlich nicht zu kurz kommen!<\/p>\n<p>Bei all den Programmpunkten und der F\u00fclle an M\u00f6glichkeiten, die Rom bietet, ist es nicht weiter verwunderlich, dass auch mal die F\u00fc\u00dfe schmerzten, wir richtig m\u00fcde wurden und bei der Heimreise im Nachtzug das Einschlafen kein Problem mehr darstellte. Ich bedanke mich bei allen Sch\u00fclerInnen f\u00fcr den reibungslosen Ablauf und die Disziplin, die solche Ausfl\u00fcge erst erm\u00f6glicht, ebenso bei meiner Kollegin Mag. Beatrice Freudenschu\u00df f\u00fcr die kompetente Unterst\u00fctzung.<\/p>\n<p>Mag. Dominik Buchmeier<\/p>\n<p>[ilightbox id=&#8220;84&#8243;][\/ilightbox]<\/p>\n","protected":false},"excerpt":{"rendered":"<p>Auch im Schuljahr 2017\/18 (17.6.-23.6.) bot das Gymnasium Amstetten den Lateinsch\u00fclerInnen des Sprach- und Informatikzweiges der 7. Klassen die M\u00f6glichkeit in Sprache, Kultur und Geschichte einer Weltstadt einzutauchen. Keine andere Metropole hat unseren Kulturkreis so nachhaltig gepr\u00e4gt wie die Stadt Rom. Im Vorfeld bereiteten die 22 Jugendlichen Kurzreferate zu den geplanten Sehensw\u00fcrdigkeiten vor, die dann&#8230;<\/p>\n","protected":false},"author":1,"featured_media":31380,"comment_status":"closed","ping_status":"closed","sticky":false,"template":"","format":"standard","meta":{"footnotes":""},"categories":[14,13,3,8],"tags":[],"class_list":["post-31385","post","type-post","status-publish","format-standard","has-post-thumbnail","hentry","category-14","category-aktuelles","category-allgemein","category-sprachen"],"_links":{"self":[{"href":"https:\/\/www.bgamstetten.ac.at\/index.php\/wp-json\/wp\/v2\/posts\/31385","targetHints":{"allow":["GET"]}}],"collection":[{"href":"https:\/\/www.bgamstetten.ac.at\/index.php\/wp-json\/wp\/v2\/posts"}],"about":[{"href":"https:\/\/www.bgamstetten.ac.at\/index.php\/wp-json\/wp\/v2\/types\/post"}],"author":[{"embeddable":true,"href":"https:\/\/www.bgamstetten.ac.at\/index.php\/wp-json\/wp\/v2\/users\/1"}],"replies":[{"embeddable":true,"href":"https:\/\/www.bgamstetten.ac.at\/index.php\/wp-json\/wp\/v2\/comments?post=31385"}],"version-history":[{"count":0,"href":"https:\/\/www.bgamstetten.ac.at\/index.php\/wp-json\/wp\/v2\/posts\/31385\/revisions"}],"wp:featuredmedia":[{"embeddable":true,"href":"https:\/\/www.bgamstetten.ac.at\/index.php\/wp-json\/"}],"wp:attachment":[{"href":"https:\/\/www.bgamstetten.ac.at\/index.php\/wp-json\/wp\/v2\/media?parent=31385"}],"wp:term":[{"taxonomy":"category","embeddable":true,"href":"https:\/\/www.bgamstetten.ac.at\/index.php\/wp-json\/wp\/v2\/categories?post=31385"},{"taxonomy":"post_tag","embeddable":true,"href":"https:\/\/www.bgamstetten.ac.at\/index.php\/wp-json\/wp\/v2\/tags?post=31385"}],"curies":[{"name":"wp","href":"https:\/\/api.w.org\/{rel}","templated":true}]}}