{"id":31261,"date":"2018-06-25T16:49:48","date_gmt":"2018-06-25T14:49:48","guid":{"rendered":"http:\/\/gymnasium-amstetten.at\/?p=31261"},"modified":"2018-06-25T16:49:48","modified_gmt":"2018-06-25T14:49:48","slug":"internationales-finale-des-bolyai-teamwettbewerbs-in-budapest","status":"publish","type":"post","link":"https:\/\/www.bgamstetten.ac.at\/index.php\/2018\/06\/25\/internationales-finale-des-bolyai-teamwettbewerbs-in-budapest\/","title":{"rendered":"Internationales Finale des Bolyai-Teamwettbewerbs in Budapest"},"content":{"rendered":"<style type=\"text\/css\"><\/style><div id=\"cmsms_row_69f4e25592161\" class=\"cmsms_row cmsms_color_scheme_default\">\n<div class=\"cmsms_row_outer_parent\">\n<div class=\"cmsms_row_outer\">\n<div class=\"cmsms_row_inner\">\n<div class=\"cmsms_row_margin\">\n<div class=\"cmsms_column one_first\">\n<div class=\"cmsms_text\">\n<p>Mannschaften aus Ungarn, Deutschland, Siebenb\u00fcrgen\/Rum\u00e4nien, Serbien und erstmals auch aus \u00d6sterreich traten am Samstag, 23. Juni 2018 zum Finale des heurigen Bolyai-Wettbewerbs an.<!--more--><\/p>\n<p>Unser Team, bestehend aus Matthias Erhart, Jakob Haubenwallner, Matthias Hopferwieser und Raphael Steinkellner, war den anspruchsvollen Aufgaben durchaus gewachsen und belegte den vierten Platz. Angesichts der harten Konkurrenz &#8211; zwei Teams erreichten alle Punkte &#8211; eine beachtliche Leistung.<\/p>\n<p>Das von den Organisatoren liebevoll ausgew\u00e4hlte Rahmenprogramm stie\u00df bei den Sch\u00fclern und Lehrern auf gro\u00dfes Interesse. Die F\u00fchrung durch das prunkvolle ungarische Parlament war zweifellos <em>das <\/em>kulturelle Highlight. Das Wissenschaftsmuseum <em>Palast der Wunder <\/em>lud zu \u00a0naturwissenschaftlichen Experimenten oder intelligenten Spielen ein.<\/p>\n<p>Sch\u00f6ne Eindr\u00fccke von der ungarischen Hauptstadt gewannen wir auch bei unseren selbstst\u00e4ndigen Unternehmungen: Spazierg\u00e4nge bei Tag und bei Nacht, ein Besuch im traditionsreichen Caf\u00e9 Gerbeaud und nicht zuletzt eine lustige Tretkutschenfahrt auf der Margareteninsel.<\/p>\n<p style=\"text-align: right;\">Mag. Helga Szegedi<\/p>\n<p style=\"text-align: center;\">\n<\/div>\n<div class=\"cmsms_gallery\">\n<ul>\n<li class=\"one_fourth\">\n<figure><a href=\"\" rel=\"ilightbox[69f4e25592350]\"><\/a><\/figure><\/li>\n<li class=\"one_fourth\">\n<figure><a href=\"\" rel=\"ilightbox[69f4e25592350]\"><\/a><\/figure><\/li>\n<li class=\"one_fourth\">\n<figure><a href=\"\" rel=\"ilightbox[69f4e25592350]\"><\/a><\/figure><\/li>\n<li class=\"one_fourth\">\n<figure><a href=\"\" rel=\"ilightbox[69f4e25592350]\"><\/a><\/figure><\/li>\n<li class=\"one_fourth\">\n<figure><a href=\"\" rel=\"ilightbox[69f4e25592350]\"><\/a><\/figure><\/li>\n<li class=\"one_fourth\">\n<figure><a href=\"\" rel=\"ilightbox[69f4e25592350]\"><\/a><\/figure><\/li>\n<li class=\"one_fourth\">\n<figure><a href=\"\" rel=\"ilightbox[69f4e25592350]\"><\/a><\/figure><\/li>\n<li class=\"one_fourth\">\n<figure><a href=\"\" rel=\"ilightbox[69f4e25592350]\"><\/a><\/figure><\/li>\n<li class=\"one_fourth\">\n<figure><a href=\"\" rel=\"ilightbox[69f4e25592350]\"><\/a><\/figure><\/li>\n<li class=\"one_fourth\">\n<figure><a href=\"\" rel=\"ilightbox[69f4e25592350]\"><\/a><\/figure><\/li>\n<li class=\"one_fourth\">\n<figure><a href=\"\" rel=\"ilightbox[69f4e25592350]\"><\/a><\/figure><\/li>\n<li class=\"one_fourth\">\n<figure><a href=\"\" rel=\"ilightbox[69f4e25592350]\"><\/a><\/figure><\/li>\n<li class=\"one_fourth\">\n<figure><a href=\"\" rel=\"ilightbox[69f4e25592350]\"><\/a><\/figure><\/li>\n<li class=\"one_fourth\">\n<figure><a href=\"\" rel=\"ilightbox[69f4e25592350]\"><\/a><\/figure><\/li>\n<li class=\"one_fourth\">\n<figure><a href=\"\" rel=\"ilightbox[69f4e25592350]\"><\/a><\/figure><\/li>\n<li class=\"one_fourth\">\n<figure><a href=\"\" rel=\"ilightbox[69f4e25592350]\"><\/a><\/figure><\/li>\n<\/ul>\n<\/div>\n<\/div>\n<\/div>\n<\/div>\n<\/div>\n<\/div>\n<\/div>\n\n","protected":false},"excerpt":{"rendered":"<p>Mannschaften aus Ungarn, Deutschland, Siebenb\u00fcrgen\/Rum\u00e4nien, Serbien und erstmals auch aus \u00d6sterreich traten am Samstag, 23. Juni 2018 zum Finale des heurigen Bolyai-Wettbewerbs an.<\/p>\n","protected":false},"author":1,"featured_media":31264,"comment_status":"closed","ping_status":"closed","sticky":false,"template":"","format":"standard","meta":{"footnotes":""},"categories":[14,17],"tags":[],"class_list":["post-31261","post","type-post","status-publish","format-standard","has-post-thumbnail","hentry","category-14","category-nawi"],"_links":{"self":[{"href":"https:\/\/www.bgamstetten.ac.at\/index.php\/wp-json\/wp\/v2\/posts\/31261","targetHints":{"allow":["GET"]}}],"collection":[{"href":"https:\/\/www.bgamstetten.ac.at\/index.php\/wp-json\/wp\/v2\/posts"}],"about":[{"href":"https:\/\/www.bgamstetten.ac.at\/index.php\/wp-json\/wp\/v2\/types\/post"}],"author":[{"embeddable":true,"href":"https:\/\/www.bgamstetten.ac.at\/index.php\/wp-json\/wp\/v2\/users\/1"}],"replies":[{"embeddable":true,"href":"https:\/\/www.bgamstetten.ac.at\/index.php\/wp-json\/wp\/v2\/comments?post=31261"}],"version-history":[{"count":0,"href":"https:\/\/www.bgamstetten.ac.at\/index.php\/wp-json\/wp\/v2\/posts\/31261\/revisions"}],"wp:featuredmedia":[{"embeddable":true,"href":"https:\/\/www.bgamstetten.ac.at\/index.php\/wp-json\/"}],"wp:attachment":[{"href":"https:\/\/www.bgamstetten.ac.at\/index.php\/wp-json\/wp\/v2\/media?parent=31261"}],"wp:term":[{"taxonomy":"category","embeddable":true,"href":"https:\/\/www.bgamstetten.ac.at\/index.php\/wp-json\/wp\/v2\/categories?post=31261"},{"taxonomy":"post_tag","embeddable":true,"href":"https:\/\/www.bgamstetten.ac.at\/index.php\/wp-json\/wp\/v2\/tags?post=31261"}],"curies":[{"name":"wp","href":"https:\/\/api.w.org\/{rel}","templated":true}]}}