{"id":30563,"date":"2018-06-04T20:59:39","date_gmt":"2018-06-04T18:59:39","guid":{"rendered":"http:\/\/gymnasium-amstetten.at\/?p=30563"},"modified":"2018-06-04T20:59:39","modified_gmt":"2018-06-04T18:59:39","slug":"franzoesische-delf-zertifikate","status":"publish","type":"post","link":"https:\/\/www.bgamstetten.ac.at\/index.php\/2018\/06\/04\/franzoesische-delf-zertifikate\/","title":{"rendered":"Franz\u00f6sische Delf-Zertifikate"},"content":{"rendered":"<style type=\"text\/css\"><\/style><div id=\"cmsms_row_69f17669bf289\" class=\"cmsms_row cmsms_color_scheme_default\">\n<div class=\"cmsms_row_outer_parent\">\n<div class=\"cmsms_row_outer\">\n<div class=\"cmsms_row_inner\">\n<div class=\"cmsms_row_margin\">\n<div class=\"cmsms_column one_first\">\n<div class=\"cmsms_text\">\n<p>Sie sind schon zu einer fixen Einrichtung geworden: die Delf-Pr\u00fcfungen, welche auch heuer wieder 26 Sch\u00fclerInnen der 4. bis 7. Klassen Anfang M\u00e4rz in Waidhofen an der Ybbs ablegten.<!--more--><\/p>\n<p>Dieses Mal traten Kandidaten in drei der vier Sprachniveaus \u2013 A 1, A 2, B 1 \u2013 an, welche den internationalen Sprachlehrpl\u00e4nen entsprechen und in den vier Fertigkeiten des Sprechens, Schreibens, H\u00f6rens und Lesens den Kenntnisstand der Sch\u00fclerInnen abpr\u00fcfen. Als besondere Herausforderung sehen unsere Kandidaten dabei vor allem den m\u00fcndlichen Teil, wo es gilt vor einem ihnen unbekanntem Native Speaker sowohl spontane als auch vorbereitete Gespr\u00e4che zu f\u00fchren. Mit Hilfe unserer heurigen Fremdsprachenassistentin Marie Le Moing konnten wir die Sch\u00fcler darauf auch heuer wieder im Unterricht sehr gut vorbereiten.<\/p>\n<p>Alle Kandidaten\/Kandidatinnen konnten die franz\u00f6sischen Pr\u00fcferInnen von ihrem sprachlichen K\u00f6nnen \u00fcberzeugen. Nach zwei Monaten des Wartens erhielten sie dann Anfang Juni den Beweis f\u00fcr ihre Leistungen in Form eines international anerkannten Sprachzertifikates. Die Sch\u00fclerInnen wurden im Unterricht von ihren Lehrerinnen Mag. Eidlinger, Dr. Hofer, Mag. P\u00f6schl und Mag. Stix vorbereitet. F\u00fcr einige gab es zus\u00e4tzliche Vorbereitungsstunden f\u00fcr den m\u00fcndlichen Teil, welche von Prof. Vogl abgehalten wurden.<\/p>\n<p>Hier die Topresultate:<\/p>\n<p><strong>A 1<\/strong><\/p>\n<ul>\n<li>Gruber Tamara (5a , Kurzform) 96%<\/li>\n<li>Maderthaner Patalapon (4b) 93,5%<\/li>\n<li>Offenberger Jana (4e) 90,5%<\/li>\n<\/ul>\n<p><strong>A 2<\/strong><\/p>\n<ul>\n<li>Weigl Jona (5a) 92%<\/li>\n<li>Ka\u00dfberger Anita (5a) 90,5%<\/li>\n<li>Herbst Moritz(5a) 90%<\/li>\n<\/ul>\n<p><strong>B1<\/strong><\/p>\n<ul>\n<li>Huremovic Anesa (7a) 92,5%<\/li>\n<li>Lugmayr Martina (7a) 85,5%<\/li>\n<\/ul>\n<p>Auch alle anderen Ergebnisse waren sehr erfreulich. Nos f\u00e9licitations \u00e0 tous!<\/p>\n<p style=\"text-align: right;\">Mag. Eidlinger, Mag. P\u00f6schl<\/p>\n<p style=\"text-align: center;\">\n<\/div>\n<div class=\"cmsms_gallery\">\n<ul>\n<li class=\"one_fourth\">\n<figure><a href=\"\" rel=\"ilightbox[69f17669bf57f]\"><\/a><\/figure><\/li>\n<li class=\"one_fourth\">\n<figure><a href=\"\" rel=\"ilightbox[69f17669bf57f]\"><\/a><\/figure><\/li>\n<li class=\"one_fourth\">\n<figure><a href=\"\" rel=\"ilightbox[69f17669bf57f]\"><\/a><\/figure><\/li>\n<li class=\"one_fourth\">\n<figure><a href=\"\" rel=\"ilightbox[69f17669bf57f]\"><\/a><\/figure><\/li>\n<li class=\"one_fourth\">\n<figure><a href=\"\" rel=\"ilightbox[69f17669bf57f]\"><\/a><\/figure><\/li>\n<li class=\"one_fourth\">\n<figure><a href=\"\" rel=\"ilightbox[69f17669bf57f]\"><\/a><\/figure><\/li>\n<li class=\"one_fourth\">\n<figure><a href=\"\" rel=\"ilightbox[69f17669bf57f]\"><\/a><\/figure><\/li>\n<li class=\"one_fourth\">\n<figure><a href=\"\" rel=\"ilightbox[69f17669bf57f]\"><\/a><\/figure><\/li>\n<li class=\"one_fourth\">\n<figure><a href=\"\" rel=\"ilightbox[69f17669bf57f]\"><\/a><\/figure><\/li>\n<li class=\"one_fourth\">\n<figure><a href=\"\" rel=\"ilightbox[69f17669bf57f]\"><\/a><\/figure><\/li>\n<li class=\"one_fourth\">\n<figure><a href=\"\" rel=\"ilightbox[69f17669bf57f]\"><\/a><\/figure><\/li>\n<li class=\"one_fourth\">\n<figure><a href=\"\" rel=\"ilightbox[69f17669bf57f]\"><\/a><\/figure><\/li>\n<li class=\"one_fourth\">\n<figure><a href=\"\" rel=\"ilightbox[69f17669bf57f]\"><\/a><\/figure><\/li>\n<li class=\"one_fourth\">\n<figure><a href=\"\" rel=\"ilightbox[69f17669bf57f]\"><\/a><\/figure><\/li>\n<li class=\"one_fourth\">\n<figure><a href=\"\" rel=\"ilightbox[69f17669bf57f]\"><\/a><\/figure><\/li>\n<\/ul>\n<\/div>\n<div class=\"cmsms_text\">\n<p>&nbsp;<\/p>\n<\/div>\n<\/div>\n<\/div>\n<\/div>\n<\/div>\n<\/div>\n<\/div>\n\n","protected":false},"excerpt":{"rendered":"<p>Sie sind schon zu einer fixen Einrichtung geworden: die Delf-Pr\u00fcfungen, welche auch heuer wieder 26 Sch\u00fclerInnen der 4. bis 7. Klassen Anfang M\u00e4rz in Waidhofen an der Ybbs ablegten.<\/p>\n","protected":false},"author":1,"featured_media":30573,"comment_status":"closed","ping_status":"closed","sticky":false,"template":"","format":"standard","meta":{"footnotes":""},"categories":[14,3,8],"tags":[],"class_list":["post-30563","post","type-post","status-publish","format-standard","has-post-thumbnail","hentry","category-14","category-allgemein","category-sprachen"],"_links":{"self":[{"href":"https:\/\/www.bgamstetten.ac.at\/index.php\/wp-json\/wp\/v2\/posts\/30563","targetHints":{"allow":["GET"]}}],"collection":[{"href":"https:\/\/www.bgamstetten.ac.at\/index.php\/wp-json\/wp\/v2\/posts"}],"about":[{"href":"https:\/\/www.bgamstetten.ac.at\/index.php\/wp-json\/wp\/v2\/types\/post"}],"author":[{"embeddable":true,"href":"https:\/\/www.bgamstetten.ac.at\/index.php\/wp-json\/wp\/v2\/users\/1"}],"replies":[{"embeddable":true,"href":"https:\/\/www.bgamstetten.ac.at\/index.php\/wp-json\/wp\/v2\/comments?post=30563"}],"version-history":[{"count":0,"href":"https:\/\/www.bgamstetten.ac.at\/index.php\/wp-json\/wp\/v2\/posts\/30563\/revisions"}],"wp:featuredmedia":[{"embeddable":true,"href":"https:\/\/www.bgamstetten.ac.at\/index.php\/wp-json\/"}],"wp:attachment":[{"href":"https:\/\/www.bgamstetten.ac.at\/index.php\/wp-json\/wp\/v2\/media?parent=30563"}],"wp:term":[{"taxonomy":"category","embeddable":true,"href":"https:\/\/www.bgamstetten.ac.at\/index.php\/wp-json\/wp\/v2\/categories?post=30563"},{"taxonomy":"post_tag","embeddable":true,"href":"https:\/\/www.bgamstetten.ac.at\/index.php\/wp-json\/wp\/v2\/tags?post=30563"}],"curies":[{"name":"wp","href":"https:\/\/api.w.org\/{rel}","templated":true}]}}