{"id":29604,"date":"2018-05-02T12:04:16","date_gmt":"2018-05-02T10:04:16","guid":{"rendered":"http:\/\/gymnasium-amstetten.at\/?p=29604"},"modified":"2018-05-02T12:04:16","modified_gmt":"2018-05-02T10:04:16","slug":"encuentro-espanol-am-gymnasium-2","status":"publish","type":"post","link":"https:\/\/www.bgamstetten.ac.at\/index.php\/2018\/05\/02\/encuentro-espanol-am-gymnasium-2\/","title":{"rendered":"Encuentro espa\u00f1ol am Gymnasium"},"content":{"rendered":"<style type=\"text\/css\"><\/style><p>Auch im laufenden Schuljahr wurde im Rahmen des Spanisch-Unterrichts in den siebten Klassen im Sprachzweig ein Encuentro Espa\u00f1ol abgehalten. Da diese Projektwoche in den letzten Jahren sehr gro\u00dfen Anklang gefunden hat, wurde wieder ein sehr aufgeschlossener, weit gereister, sehr engagierter und sympathischer Lehrer aus dem Giralda Center der andalusischen Stadt Sevilla eingeladen: Carlos Guerrero Ruiz. <!--more-->In seinem Unterricht konzentrierte er sich vor allem auf Aktivit\u00e4ten, die die m\u00fcndliche Kommunikationsf\u00e4higkeit und Kreativit\u00e4t f\u00f6rderten. Gleichzeitig vermittelte er den Sch\u00fclerInnen alltagsnahen Landes- und Kulturkundeunterricht auf sehr kreative und kommunikative Weise durch viele Rollenspiele.<\/p>\n<p>Nach dem Unterricht gab es zwei Mal ein gem\u00fctliches Beisammensitzen, w\u00e4hrend dem haupts\u00e4chlich selbst zubereitete spanische und lateinamerikanische K\u00f6stlichkeiten verzehrt wurden: empanadas chilenas, queso manchego, jam\u00f3n serrano, aceitunas&#8230; \u00a1Que aproveche!<\/p>\n<p style=\"text-align: right;\">Dr. Elisabeth Hofer<\/p>\n<p style=\"text-align: center;\"><div class=\"cmsms_gallery\">\n<ul>\n<li class=\"one_fourth\">\n<figure><a href=\"\" rel=\"ilightbox[69f50b014c6ee]\"><\/a><\/figure><\/li>\n<li class=\"one_fourth\">\n<figure><a href=\"\" rel=\"ilightbox[69f50b014c6ee]\"><\/a><\/figure><\/li>\n<li class=\"one_fourth\">\n<figure><a href=\"\" rel=\"ilightbox[69f50b014c6ee]\"><\/a><\/figure><\/li>\n<li class=\"one_fourth\">\n<figure><a href=\"\" rel=\"ilightbox[69f50b014c6ee]\"><\/a><\/figure><\/li>\n<li class=\"one_fourth\">\n<figure><a href=\"\" rel=\"ilightbox[69f50b014c6ee]\"><\/a><\/figure><\/li>\n<li class=\"one_fourth\">\n<figure><a href=\"\" rel=\"ilightbox[69f50b014c6ee]\"><\/a><\/figure><\/li>\n<li class=\"one_fourth\">\n<figure><a href=\"\" rel=\"ilightbox[69f50b014c6ee]\"><\/a><\/figure><\/li>\n<li class=\"one_fourth\">\n<figure><a href=\"\" rel=\"ilightbox[69f50b014c6ee]\"><\/a><\/figure><\/li>\n<li class=\"one_fourth\">\n<figure><a href=\"\" rel=\"ilightbox[69f50b014c6ee]\"><\/a><\/figure><\/li>\n<li class=\"one_fourth\">\n<figure><a href=\"\" rel=\"ilightbox[69f50b014c6ee]\"><\/a><\/figure><\/li>\n<li class=\"one_fourth\">\n<figure><a href=\"\" rel=\"ilightbox[69f50b014c6ee]\"><\/a><\/figure><\/li>\n<li class=\"one_fourth\">\n<figure><a href=\"\" rel=\"ilightbox[69f50b014c6ee]\"><\/a><\/figure><\/li>\n<li class=\"one_fourth\">\n<figure><a href=\"\" rel=\"ilightbox[69f50b014c6ee]\"><\/a><\/figure><\/li>\n<li class=\"one_fourth\">\n<figure><a href=\"\" rel=\"ilightbox[69f50b014c6ee]\"><\/a><\/figure><\/li>\n<li class=\"one_fourth\">\n<figure><a href=\"\" rel=\"ilightbox[69f50b014c6ee]\"><\/a><\/figure><\/li>\n<li class=\"one_fourth\">\n<figure><a href=\"\" rel=\"ilightbox[69f50b014c6ee]\"><\/a><\/figure><\/li>\n<li class=\"one_fourth\">\n<figure><a href=\"\" rel=\"ilightbox[69f50b014c6ee]\"><\/a><\/figure><\/li>\n<li class=\"one_fourth\">\n<figure><a href=\"\" rel=\"ilightbox[69f50b014c6ee]\"><\/a><\/figure><\/li>\n<li class=\"one_fourth\">\n<figure><a href=\"\" rel=\"ilightbox[69f50b014c6ee]\"><\/a><\/figure><\/li>\n<\/ul>\n<\/div>\n<\/p>\n<p>&nbsp;<\/p>\n<p>&nbsp;<\/p>\n","protected":false},"excerpt":{"rendered":"<p>Auch im laufenden Schuljahr wurde im Rahmen des Spanisch-Unterrichts in den siebten Klassen im Sprachzweig ein Encuentro Espa\u00f1ol abgehalten. Da diese Projektwoche in den letzten Jahren sehr gro\u00dfen Anklang gefunden hat, wurde wieder ein sehr aufgeschlossener, weit gereister, sehr engagierter und sympathischer Lehrer aus dem Giralda Center der andalusischen Stadt Sevilla eingeladen: Carlos Guerrero Ruiz.<\/p>\n","protected":false},"author":1,"featured_media":29606,"comment_status":"closed","ping_status":"closed","sticky":false,"template":"","format":"standard","meta":{"footnotes":""},"categories":[14,8],"tags":[],"class_list":["post-29604","post","type-post","status-publish","format-standard","has-post-thumbnail","hentry","category-14","category-sprachen"],"_links":{"self":[{"href":"https:\/\/www.bgamstetten.ac.at\/index.php\/wp-json\/wp\/v2\/posts\/29604","targetHints":{"allow":["GET"]}}],"collection":[{"href":"https:\/\/www.bgamstetten.ac.at\/index.php\/wp-json\/wp\/v2\/posts"}],"about":[{"href":"https:\/\/www.bgamstetten.ac.at\/index.php\/wp-json\/wp\/v2\/types\/post"}],"author":[{"embeddable":true,"href":"https:\/\/www.bgamstetten.ac.at\/index.php\/wp-json\/wp\/v2\/users\/1"}],"replies":[{"embeddable":true,"href":"https:\/\/www.bgamstetten.ac.at\/index.php\/wp-json\/wp\/v2\/comments?post=29604"}],"version-history":[{"count":0,"href":"https:\/\/www.bgamstetten.ac.at\/index.php\/wp-json\/wp\/v2\/posts\/29604\/revisions"}],"wp:featuredmedia":[{"embeddable":true,"href":"https:\/\/www.bgamstetten.ac.at\/index.php\/wp-json\/"}],"wp:attachment":[{"href":"https:\/\/www.bgamstetten.ac.at\/index.php\/wp-json\/wp\/v2\/media?parent=29604"}],"wp:term":[{"taxonomy":"category","embeddable":true,"href":"https:\/\/www.bgamstetten.ac.at\/index.php\/wp-json\/wp\/v2\/categories?post=29604"},{"taxonomy":"post_tag","embeddable":true,"href":"https:\/\/www.bgamstetten.ac.at\/index.php\/wp-json\/wp\/v2\/tags?post=29604"}],"curies":[{"name":"wp","href":"https:\/\/api.w.org\/{rel}","templated":true}]}}