{"id":29514,"date":"2018-05-01T11:16:02","date_gmt":"2018-05-01T09:16:02","guid":{"rendered":"http:\/\/gymnasium-amstetten.at\/?p=29514"},"modified":"2018-05-01T11:16:02","modified_gmt":"2018-05-01T09:16:02","slug":"une-semaine-magnifique-a-nice","status":"publish","type":"post","link":"https:\/\/www.bgamstetten.ac.at\/index.php\/2018\/05\/01\/une-semaine-magnifique-a-nice\/","title":{"rendered":"Une semaine magnifique \u00e0 Nice"},"content":{"rendered":"<style type=\"text\/css\"><\/style><div id=\"cmsms_row_69f4f562c95f5\" class=\"cmsms_row cmsms_color_scheme_default\">\n<div class=\"cmsms_row_outer_parent\">\n<div class=\"cmsms_row_outer\">\n<div class=\"cmsms_row_inner\">\n<div class=\"cmsms_row_margin\">\n<div class=\"cmsms_column one_first\">\n<div class=\"cmsms_text\">\n<p>145951 Schritte (114.6km)&#8230;.<\/p>\n<p>&#8230;brauchte es, um in der Woche vom 20. 4. bis 27. 4. 2018 nicht nur Nizza, sondern auch Antibes, \u00c8ze, Monaco und Cannes zu besichtigen.<!--more--><\/p>\n<p>Wir, die Franz\u00f6sischgruppe der 7a, durften eine Woche lang die Sonne an der C\u00f4te d&#8217;Azur in vollen Z\u00fcgen genie\u00dfen. Die Unterbringung in Gastfamilien, die Besichtigungstouren auf Franz\u00f6sisch und das Kommunizieren in der Sprachschule lie\u00dfen uns voll und ganz am Leben in S\u00fcdfrankreich teilhaben.<\/p>\n<p>Nach dem Unterricht in der Sprachschule, ging es am Nachmittag sofort weiter mit einem vielseitigen Besichtigungsprogramm. So besuchten wir neben Cannes und Monaco, auch das mittelalterliche Hafenst\u00e4dtchen Antibes sowie das Bergdorf \u00c8ze, wo wir in der Parf\u00fcmerie Gallimard unser eigenes Eau de Cologne herstellen durften. Sogar eine Bootsfahrt um das Cap Ferrat stand auf dem Programm mit anschlie\u00dfendem Besuch der Villa Ephrussi, deren Bauweise und G\u00e4rten uns sehr faszinierten. Neben spannenden Exkursionen blieb dennoch genug Zeit f\u00fcr Sonne, Strand und Shopping.<\/p>\n<p>Nat\u00fcrlich ging der Tag am Abend in der Altstadt von Nizza weiter. Ob beim Salsa Tanzen, beim Flanieren an der Promenade des Anglais oder beim abschlie\u00dfenden Picknick am Strand: alle konnten das s\u00fcdl\u00e4ndische Flair kennen und lieben lernen!<\/p>\n<p>Wir bedanken uns f\u00fcr eine einzigartige Woche, die uns noch lange in Erinnerung bleiben wird.<\/p>\n<p>Merci pour une semaine incroyable!<\/p>\n<p>Du 20 au 27 avril, nous 8 filles de la 7a avons profit\u00e9 du soleil et de la plage \u00e0 Nice.<br \/>\nChaque jour apr\u00e8s l&#8217;\u00e9cole, on avait des visites \u00e0 diff\u00e9rents endroits, comme Antibes, \u00c8ze, Monaco Cannes et bien- s\u00fbr aussi \u00e0 Nice. L\u2019h\u00e9bergement dans les familles d\u2019accueil, les visites en fran\u00e7ais et les cours dans l\u2019\u00e9cole de langue nous ont permis de vivre comme de vraies Fran\u00e7aises. \ud83d\ude42<\/p>\n<p>Nous avions aussi du temps pour faire un tour en bateau le long du Cap Ferrat. Puis, on a visit\u00e9 la Villa Ephrussi de Madame Rothschild avec ses fameux jardins. Mais, nous avions aussi plein de temps pour nous baigner ou faire du shopping.<br \/>\nN&#8217;oublions pas les activit\u00e9s du soir: Danser la salsa, faire une promenade dans le vieux Nice ou bien un pique-nique sur la plage.<br \/>\nBref, c&#8217;\u00e9tait une semaine extraordinaire qui restera longtemps dans nos m\u00e9moires.<\/p>\n<p style=\"text-align: right;\">Anesa Huremovic, 7a<br \/>\nDanke!<\/p>\n<p>Nachdem ich die Sprachwoche ausf\u00fchrlich geplant hatte und der Abflug kurz bevor stand, passierte ein Missgeschick und schon war der Fu\u00df gebrochen und ich somit au\u00dfer Stande die Woche durchzuf\u00fchren. So mussten innerhalb weniger Stunden Lehrer gefunden werden, die sich der doch sehr verantwortungsvollen Aufgabe annahmen. So m\u00f6chte ich mich ausdr\u00fccklich bei meiner Kollegin, Frau Prof. Punzengruber und meiner Kollegin im Ruhestand Frau Prof. Csaicsich bedanken, die nicht nur die Leitung und Durchf\u00fchrung spontan \u00fcbernahmen, sondern dies auch noch mit besonderem Engagement und zu 100 % in meinem Sinne &#8211; mit und f\u00fcr die Sch\u00fclerinnen taten.<br \/>\nVivent les id\u00e9alistes parmi les profs! Merci \u00e0 vous !<\/p>\n<p style=\"text-align: right;\">Prof. Michaela Eidlinger<\/p>\n<p style=\"text-align: center;\">\n<\/div>\n<div class=\"cmsms_gallery\">\n<ul>\n<li class=\"one_fourth\">\n<figure><a href=\"\" rel=\"ilightbox[69f4f562c9dd6]\"><\/a><\/figure><\/li>\n<li class=\"one_fourth\">\n<figure><a href=\"\" rel=\"ilightbox[69f4f562c9dd6]\"><\/a><\/figure><\/li>\n<li class=\"one_fourth\">\n<figure><a href=\"\" rel=\"ilightbox[69f4f562c9dd6]\"><\/a><\/figure><\/li>\n<li class=\"one_fourth\">\n<figure><a href=\"\" rel=\"ilightbox[69f4f562c9dd6]\"><\/a><\/figure><\/li>\n<li class=\"one_fourth\">\n<figure><a href=\"\" rel=\"ilightbox[69f4f562c9dd6]\"><\/a><\/figure><\/li>\n<li class=\"one_fourth\">\n<figure><a href=\"\" rel=\"ilightbox[69f4f562c9dd6]\"><\/a><\/figure><\/li>\n<li class=\"one_fourth\">\n<figure><a href=\"\" rel=\"ilightbox[69f4f562c9dd6]\"><\/a><\/figure><\/li>\n<li class=\"one_fourth\">\n<figure><a href=\"\" rel=\"ilightbox[69f4f562c9dd6]\"><\/a><\/figure><\/li>\n<li class=\"one_fourth\">\n<figure><a href=\"\" rel=\"ilightbox[69f4f562c9dd6]\"><\/a><\/figure><\/li>\n<li class=\"one_fourth\">\n<figure><a href=\"\" rel=\"ilightbox[69f4f562c9dd6]\"><\/a><\/figure><\/li>\n<li class=\"one_fourth\">\n<figure><a href=\"\" rel=\"ilightbox[69f4f562c9dd6]\"><\/a><\/figure><\/li>\n<li class=\"one_fourth\">\n<figure><a href=\"\" rel=\"ilightbox[69f4f562c9dd6]\"><\/a><\/figure><\/li>\n<li class=\"one_fourth\">\n<figure><a href=\"\" rel=\"ilightbox[69f4f562c9dd6]\"><\/a><\/figure><\/li>\n<li class=\"one_fourth\">\n<figure><a href=\"\" rel=\"ilightbox[69f4f562c9dd6]\"><\/a><\/figure><\/li>\n<li class=\"one_fourth\">\n<figure><a href=\"\" rel=\"ilightbox[69f4f562c9dd6]\"><\/a><\/figure><\/li>\n<li class=\"one_fourth\">\n<figure><a href=\"\" rel=\"ilightbox[69f4f562c9dd6]\"><\/a><\/figure><\/li>\n<li class=\"one_fourth\">\n<figure><a href=\"\" rel=\"ilightbox[69f4f562c9dd6]\"><\/a><\/figure><\/li>\n<li class=\"one_fourth\">\n<figure><a href=\"\" rel=\"ilightbox[69f4f562c9dd6]\"><\/a><\/figure><\/li>\n<li class=\"one_fourth\">\n<figure><a href=\"\" rel=\"ilightbox[69f4f562c9dd6]\"><\/a><\/figure><\/li>\n<li class=\"one_fourth\">\n<figure><a href=\"\" rel=\"ilightbox[69f4f562c9dd6]\"><\/a><\/figure><\/li>\n<li class=\"one_fourth\">\n<figure><a href=\"\" rel=\"ilightbox[69f4f562c9dd6]\"><\/a><\/figure><\/li>\n<li class=\"one_fourth\">\n<figure><a href=\"\" rel=\"ilightbox[69f4f562c9dd6]\"><\/a><\/figure><\/li>\n<li class=\"one_fourth\">\n<figure><a href=\"\" rel=\"ilightbox[69f4f562c9dd6]\"><\/a><\/figure><\/li>\n<li class=\"one_fourth\">\n<figure><a href=\"\" rel=\"ilightbox[69f4f562c9dd6]\"><\/a><\/figure><\/li>\n<li class=\"one_fourth\">\n<figure><a href=\"\" rel=\"ilightbox[69f4f562c9dd6]\"><\/a><\/figure><\/li>\n<li class=\"one_fourth\">\n<figure><a href=\"\" rel=\"ilightbox[69f4f562c9dd6]\"><\/a><\/figure><\/li>\n<li class=\"one_fourth\">\n<figure><a href=\"\" rel=\"ilightbox[69f4f562c9dd6]\"><\/a><\/figure><\/li>\n<li class=\"one_fourth\">\n<figure><a href=\"\" rel=\"ilightbox[69f4f562c9dd6]\"><\/a><\/figure><\/li>\n<li class=\"one_fourth\">\n<figure><a href=\"\" rel=\"ilightbox[69f4f562c9dd6]\"><\/a><\/figure><\/li>\n<li class=\"one_fourth\">\n<figure><a href=\"\" rel=\"ilightbox[69f4f562c9dd6]\"><\/a><\/figure><\/li>\n<li class=\"one_fourth\">\n<figure><a href=\"\" rel=\"ilightbox[69f4f562c9dd6]\"><\/a><\/figure><\/li>\n<li class=\"one_fourth\">\n<figure><a href=\"\" rel=\"ilightbox[69f4f562c9dd6]\"><\/a><\/figure><\/li>\n<li class=\"one_fourth\">\n<figure><a href=\"\" rel=\"ilightbox[69f4f562c9dd6]\"><\/a><\/figure><\/li>\n<\/ul>\n<\/div>\n<div class=\"cmsms_text\">\n<p>&nbsp;<\/p>\n<\/div>\n<\/div>\n<\/div>\n<\/div>\n<\/div>\n<\/div>\n<\/div>\n\n","protected":false},"excerpt":{"rendered":"<p>145951 Schritte (114.6km)&#8230;. &#8230;brauchte es, um in der Woche vom 20. 4. bis 27. 4. 2018 nicht nur Nizza, sondern auch Antibes, \u00c8ze, Monaco und Cannes zu besichtigen.<\/p>\n","protected":false},"author":1,"featured_media":29522,"comment_status":"closed","ping_status":"closed","sticky":false,"template":"","format":"standard","meta":{"footnotes":""},"categories":[14,8],"tags":[],"class_list":["post-29514","post","type-post","status-publish","format-standard","has-post-thumbnail","hentry","category-14","category-sprachen"],"_links":{"self":[{"href":"https:\/\/www.bgamstetten.ac.at\/index.php\/wp-json\/wp\/v2\/posts\/29514","targetHints":{"allow":["GET"]}}],"collection":[{"href":"https:\/\/www.bgamstetten.ac.at\/index.php\/wp-json\/wp\/v2\/posts"}],"about":[{"href":"https:\/\/www.bgamstetten.ac.at\/index.php\/wp-json\/wp\/v2\/types\/post"}],"author":[{"embeddable":true,"href":"https:\/\/www.bgamstetten.ac.at\/index.php\/wp-json\/wp\/v2\/users\/1"}],"replies":[{"embeddable":true,"href":"https:\/\/www.bgamstetten.ac.at\/index.php\/wp-json\/wp\/v2\/comments?post=29514"}],"version-history":[{"count":0,"href":"https:\/\/www.bgamstetten.ac.at\/index.php\/wp-json\/wp\/v2\/posts\/29514\/revisions"}],"wp:featuredmedia":[{"embeddable":true,"href":"https:\/\/www.bgamstetten.ac.at\/index.php\/wp-json\/"}],"wp:attachment":[{"href":"https:\/\/www.bgamstetten.ac.at\/index.php\/wp-json\/wp\/v2\/media?parent=29514"}],"wp:term":[{"taxonomy":"category","embeddable":true,"href":"https:\/\/www.bgamstetten.ac.at\/index.php\/wp-json\/wp\/v2\/categories?post=29514"},{"taxonomy":"post_tag","embeddable":true,"href":"https:\/\/www.bgamstetten.ac.at\/index.php\/wp-json\/wp\/v2\/tags?post=29514"}],"curies":[{"name":"wp","href":"https:\/\/api.w.org\/{rel}","templated":true}]}}