{"id":29450,"date":"2018-04-25T21:38:43","date_gmt":"2018-04-25T19:38:43","guid":{"rendered":"http:\/\/gymnasium-amstetten.at\/?p=29450"},"modified":"2018-04-25T21:38:43","modified_gmt":"2018-04-25T19:38:43","slug":"the-big-challenge-4","status":"publish","type":"post","link":"https:\/\/www.bgamstetten.ac.at\/index.php\/2018\/04\/25\/the-big-challenge-4\/","title":{"rendered":"The Big Challenge"},"content":{"rendered":"<style type=\"text\/css\"><\/style><p>Am 24.4. 2018 nahmen insgesamt 66 Sch\u00fclerInnen unserer 3. und 4. Klassen am \u201aBIG CHALLENGE \u2013 Wettbewerb\u2019 teil. Dies ist ein europaweiter Englischwettbewerb, der sich an Sch\u00fclerInnen der 5. \u2013 8. Schulstufen wendet und online abgehalten wird.<!--more--><\/p>\n<p>Der Test selbst bestand aus 45 Multiple-Choice-Fragen. F\u00fcr jede dieser Fragen standen dabei vier Antworten zur Auswahl, wobei es die einzig richtige Antwort auszuw\u00e4hlen galt. Die 45 Fragen, die H\u00f6r- und Leseverst\u00e4ndnis testeten, deckten die Bereiche Wortschatz, Grammatik, Aussprache und Landeskunde ab. Fragen waren z.B.:<\/p>\n<p><em>The curtains were closed so I couldn\u2019t see what \u00a0&#8230;&#8230;&#8230;&#8230;.. outside.<\/em><\/p>\n<ol>\n<li><em>was the weather like b) were they doing\u00a0 c) was happening\u00a0 d) has happened<\/em><\/li>\n<\/ol>\n<p><em>oder\u00a0\u00a0\u00a0 Brighton is a popular seaside &#8230;&#8230;&#8230;&#8230; on the south coast of England.<\/em><\/p>\n<ol>\n<li><em> a) suburb b) resort\u00a0 c) estate\u00a0\u00a0 d) station\u00a0 <\/em><\/li>\n<\/ol>\n<p>W\u00e4hrend des Wettbewerbs waren die Sch\u00fclerInnen vollkommen auf sich allein gestellt und durften keinerlei Hilfsmittel verwenden. Eine Lehrperson hielt dabei Aufsicht. Nach 45 Minuten endete der Test automatisch, wobei die meisten TeilnehmerInnen nicht die volle Zeit aussch\u00f6pften.<\/p>\n<p>Jetzt warten die Sch\u00fclerInnen und deren EnglischlehrerInnen gespannt auf die Ergebnisse, welche Ende Mai ver\u00f6ffentlicht werden. Dabei werden f\u00fcr jede Schulstufe drei Ranglisten erstellt: auf Bundes- und Landesebene sowie auf Schulebene. Wir hoffen, dass die teilnehmenden Sch\u00fclerInnen des Gymnasiums tolle Ergebnisse erzielen und freuen uns auf die Preisverleihung.<\/p>\n<p>Mehr Informationen zum Wettbewerb sowie \u00dcbungen und bisherige Testfragen findet man unter:\u00a0 <a href=\"https:\/\/www.thebigchallenge.com\/at\/\" target=\"_blank\" rel=\"noopener\"><u>www.thebigchallenge.com\/at<\/u><\/a><\/p>\n<p style=\"text-align: right;\">Dr. Ingrid Fischer<br \/>\n(Koordinatorin)<\/p>\n<p style=\"text-align: center;\"><div class=\"content_slider_wrap\" style=\"max-width:px;\">\n<script type=\"text\/javascript\">jQuery(document).ready(function () { jQuery(\"#cmsms_slider_69f70cadc0ae1.content_slider\").owlCarousel( { singleItem : true, transitionStyle: false, rewindSpeed : 1000, slideSpeed : 600, autoHeight : true, paginationSpeed : \t600, autoPlay : 7000,stopOnHover: true, navigationText : \t[ \"<span class=\\\"cmsms_prev_arrow\\\"><\/span>\", \"<span class=\\\"cmsms_next_arrow\\\"><\/span>\" ] } );} );<\/script>\n<div id=\"cmsms_slider_69f70cadc0ae1\" class=\"content_slider owl-carousel\">\n<div class=\"item\"><\/div><div class=\"item\"><\/div><div class=\"item\"><\/div><div class=\"item\"><\/div><div class=\"item\"><\/div><div class=\"item\"><\/div><\/div>\n<\/div>\n<\/p>\n","protected":false},"excerpt":{"rendered":"<p>Am 24.4. 2018 nahmen insgesamt 66 Sch\u00fclerInnen unserer 3. und 4. Klassen am \u201aBIG CHALLENGE \u2013 Wettbewerb\u2019 teil. Dies ist ein europaweiter Englischwettbewerb, der sich an Sch\u00fclerInnen der 5. \u2013 8. Schulstufen wendet und online abgehalten wird.<\/p>\n","protected":false},"author":1,"featured_media":29451,"comment_status":"closed","ping_status":"closed","sticky":false,"template":"","format":"standard","meta":{"footnotes":""},"categories":[14,8],"tags":[],"class_list":["post-29450","post","type-post","status-publish","format-standard","has-post-thumbnail","hentry","category-14","category-sprachen"],"_links":{"self":[{"href":"https:\/\/www.bgamstetten.ac.at\/index.php\/wp-json\/wp\/v2\/posts\/29450","targetHints":{"allow":["GET"]}}],"collection":[{"href":"https:\/\/www.bgamstetten.ac.at\/index.php\/wp-json\/wp\/v2\/posts"}],"about":[{"href":"https:\/\/www.bgamstetten.ac.at\/index.php\/wp-json\/wp\/v2\/types\/post"}],"author":[{"embeddable":true,"href":"https:\/\/www.bgamstetten.ac.at\/index.php\/wp-json\/wp\/v2\/users\/1"}],"replies":[{"embeddable":true,"href":"https:\/\/www.bgamstetten.ac.at\/index.php\/wp-json\/wp\/v2\/comments?post=29450"}],"version-history":[{"count":0,"href":"https:\/\/www.bgamstetten.ac.at\/index.php\/wp-json\/wp\/v2\/posts\/29450\/revisions"}],"wp:featuredmedia":[{"embeddable":true,"href":"https:\/\/www.bgamstetten.ac.at\/index.php\/wp-json\/"}],"wp:attachment":[{"href":"https:\/\/www.bgamstetten.ac.at\/index.php\/wp-json\/wp\/v2\/media?parent=29450"}],"wp:term":[{"taxonomy":"category","embeddable":true,"href":"https:\/\/www.bgamstetten.ac.at\/index.php\/wp-json\/wp\/v2\/categories?post=29450"},{"taxonomy":"post_tag","embeddable":true,"href":"https:\/\/www.bgamstetten.ac.at\/index.php\/wp-json\/wp\/v2\/tags?post=29450"}],"curies":[{"name":"wp","href":"https:\/\/api.w.org\/{rel}","templated":true}]}}