{"id":1870,"date":"2014-12-17T15:15:42","date_gmt":"2014-12-17T13:15:42","guid":{"rendered":"http:\/\/gymnasium-amstetten.at\/?p=1870"},"modified":"2014-12-17T15:15:42","modified_gmt":"2014-12-17T13:15:42","slug":"weihnachtskonzert","status":"publish","type":"post","link":"https:\/\/www.bgamstetten.ac.at\/index.php\/2014\/12\/17\/weihnachtskonzert\/","title":{"rendered":"Adventkonzert"},"content":{"rendered":"<style type=\"text\/css\"><\/style><p>Eine besondere Vorbereitung auf das Weihnachtsfest und eine sch\u00f6ne Feier f\u00fcr die Schulgemeinschaft war das Adventkonzert am 18. Dezember. Der Schulchor unter der Leitung von Mag. Micha Sengschmid und das Schulorchester unter Dr. Thomas Schnabel gestalteten mal schwungvoll, mal besinnlich, aber immer stimmig den Abend. Aufgelockert wurden die Musikst\u00fccke und Lieder durch Texte, die von Sch\u00fcler\/innen selbst verfasst und auch vorgetragen wurden. Zus\u00e4tzliche Beitr\u00e4ge wurden von Mag. Gottfried Fischl, Anna und Pia Dietl vorgetragen. Besonderes Engagement zeigten die Sch\u00fcler\/innen der Klassen 1b, 1c, 1d, die unter der Leitung von Lisa Maderthaner gemeinsam mit dem Orchester zwei weihnachtliche Lieder vortrugen und den Schlusspunkt des Abends bildeten. Nach einer feierlichen Stunde gab es noch Gelegenheit, den Abend gem\u00fctlich bei Punsch und Keksen ausklingen zu lassen. F\u00fcr das vorweihnachtliche \u201eVerw\u00f6hnprogramm\u201c sorgten Mag. Claudia Langm\u00fcller und Mag. Beatrice Freudenschu\u00df. Herzlichen Dank an alle Verantwortlichen und Mitwirkenden!<\/p>\n<p><a href=\"http:\/\/gymnasium-amstetten.at\/wp-content\/uploads\/2014\/12\/weihnachtskonzert-2014-2.jpg\" target=\"_blank\" rel=\"noopener\"><img decoding=\"async\" class=\"aligncenter wp-image-3053 size-full\" src=\"http:\/\/gymnasium-amstetten.at\/wp-content\/uploads\/2014\/12\/weihnachtskonzert-2014-2.jpg\" alt=\"weihnachtskonzert-2014-2\" width=\"800\" height=\"455\" \/><\/a><\/p>\n<p>&nbsp;<\/p>\n<p>&nbsp;<\/p>\n<p style=\"text-align: right;\">MMag. Micha Sengschmid<\/p>\n","protected":false},"excerpt":{"rendered":"<p>Eine besondere Vorbereitung auf das Weihnachtsfest und eine sch\u00f6ne Feier f\u00fcr die Schulgemeinschaft war das Adventkonzert am 18. Dezember. Der Schulchor unter der Leitung von Mag. Micha Sengschmid und das Schulorchester unter Dr. Thomas Schnabel gestalteten mal schwungvoll, mal besinnlich, aber immer stimmig den Abend. Aufgelockert wurden die Musikst\u00fccke und Lieder durch Texte, die von&#8230;<\/p>\n","protected":false},"author":1,"featured_media":3052,"comment_status":"closed","ping_status":"closed","sticky":false,"template":"","format":"standard","meta":{"footnotes":""},"categories":[6,7],"tags":[],"class_list":["post-1870","post","type-post","status-publish","format-standard","has-post-thumbnail","hentry","category-6","category-musikalisches-und-kreatives"],"_links":{"self":[{"href":"https:\/\/www.bgamstetten.ac.at\/index.php\/wp-json\/wp\/v2\/posts\/1870","targetHints":{"allow":["GET"]}}],"collection":[{"href":"https:\/\/www.bgamstetten.ac.at\/index.php\/wp-json\/wp\/v2\/posts"}],"about":[{"href":"https:\/\/www.bgamstetten.ac.at\/index.php\/wp-json\/wp\/v2\/types\/post"}],"author":[{"embeddable":true,"href":"https:\/\/www.bgamstetten.ac.at\/index.php\/wp-json\/wp\/v2\/users\/1"}],"replies":[{"embeddable":true,"href":"https:\/\/www.bgamstetten.ac.at\/index.php\/wp-json\/wp\/v2\/comments?post=1870"}],"version-history":[{"count":0,"href":"https:\/\/www.bgamstetten.ac.at\/index.php\/wp-json\/wp\/v2\/posts\/1870\/revisions"}],"wp:featuredmedia":[{"embeddable":true,"href":"https:\/\/www.bgamstetten.ac.at\/index.php\/wp-json\/"}],"wp:attachment":[{"href":"https:\/\/www.bgamstetten.ac.at\/index.php\/wp-json\/wp\/v2\/media?parent=1870"}],"wp:term":[{"taxonomy":"category","embeddable":true,"href":"https:\/\/www.bgamstetten.ac.at\/index.php\/wp-json\/wp\/v2\/categories?post=1870"},{"taxonomy":"post_tag","embeddable":true,"href":"https:\/\/www.bgamstetten.ac.at\/index.php\/wp-json\/wp\/v2\/tags?post=1870"}],"curies":[{"name":"wp","href":"https:\/\/api.w.org\/{rel}","templated":true}]}}