{"id":1165,"date":"2014-12-12T16:33:21","date_gmt":"2014-12-12T14:33:21","guid":{"rendered":"http:\/\/elearn.bgamstetten.ac.at\/amgym\/?p=1165"},"modified":"2014-12-12T16:33:21","modified_gmt":"2014-12-12T14:33:21","slug":"tag-der-offenen-tuer","status":"publish","type":"post","link":"https:\/\/www.bgamstetten.ac.at\/index.php\/2014\/12\/12\/tag-der-offenen-tuer\/","title":{"rendered":"Tag der offenen T\u00fcr"},"content":{"rendered":"<style type=\"text\/css\"><\/style><div id=\"cmsms_row_69f1d90accd73\" class=\"cmsms_row cmsms_color_scheme_default\">\n<div class=\"cmsms_row_outer_parent\">\n<div class=\"cmsms_row_outer\">\n<div class=\"cmsms_row_inner\">\n<div class=\"cmsms_row_margin\">\n<div class=\"cmsms_column one_first\">\n<div class=\"cmsms_text\">\n<p>So viele Kinder und Eltern wie noch nie besuchten am 12.12.2014 den Tag der offenen T\u00fcr des Ostarrichigymnasiums.<\/p>\n<\/div>\n<\/div>\n<\/div>\n<\/div>\n<\/div>\n<\/div>\n<\/div>\n<div id=\"cmsms_row_69f1d90acd033\" class=\"cmsms_row cmsms_color_scheme_default\">\n<div class=\"cmsms_row_outer_parent\">\n<div class=\"cmsms_row_outer\">\n<div class=\"cmsms_row_inner\">\n<div class=\"cmsms_row_margin\">\n<div class=\"cmsms_column one_first\">\n<div class=\"cmsms_text\">\n<p><b><span style=\"color: #800000;\">bilden \u2013 bewegen &#8211; begeistern<\/span><\/b><\/p>\n<p>Dass dieser Tag gro\u00dfen Anklang gefunden hat, liegt nicht zuletzt am Engagement unserer Sch\u00fclerInnen, die sich auf ganz pers\u00f6nliche Art und Weise eingebracht haben \u2013 angefangen von Schulf\u00fchrungen bis hin zur Ausrichtung des Buffets.<!--more--> So haben etwa Sprachschnupperkurse als Teil eines bunten Informationsparcours unsere kleinen G\u00e4ste auf die Sprachvielfalt an unserer Schule eingestimmt.<br \/>\nDas soziale Engagement unserer Schule haben wir einmal mehr durch einen Flohmarkt \u2013 unter dem Motto &#8222;Sch\u00fcler f\u00fcr Sch\u00fcler&#8220; \u2013 unterstrichen. Der Reinerl\u00f6s kommt traditionell einer indischen Schule in Varanasi zu Gute. Auch die &#8222;Gesunde Schule&#8220; hat wieder mit einem schmackhaften Buffet zum Gelingen des Vormittags beigetragen. Die Vertrauenslehrer haben unser Angebot des sozialen Lernens und viele weitere Akzente, die wir im Bereich Pers\u00f6nlichkeitsbildung anbieten, pr\u00e4sentiert.<br \/>\nEs sei allen Sch\u00fclerInnen und LehrerInnen herzlich gedankt, die den Tag der offenen T\u00fcr kreativ mitgestaltet oder durch Supplierungen den reibungslosen Ablauf dieser Veranstaltung garantiert haben. Besonderer Dank gilt Mag. Christa H\u00f6glinger f\u00fcr die so umsichtige wie zeitaufw\u00e4ndige Koordination sowie dem gesamten Bildungsberaterteam.<br \/>\nDie Fotos dokumentieren das bunte Programm des Tages und spiegeln die Vielfalt des Gymnasiums im Allgemeinen und unserer Schule im Besonderen wider.<\/p>\n<\/div>\n<div class=\"cmsms_gallery\" data-animation=\"bounceIn\" data-delay=\"0\">\n<ul>\n<li class=\"one_fourth\">\n<figure><a href=\"\" rel=\"ilightbox[69f1d90acd206]\"><\/a><\/figure><\/li>\n<li class=\"one_fourth\">\n<figure><a href=\"\" rel=\"ilightbox[69f1d90acd206]\"><\/a><\/figure><\/li>\n<li class=\"one_fourth\">\n<figure><a href=\"\" rel=\"ilightbox[69f1d90acd206]\"><\/a><\/figure><\/li>\n<li class=\"one_fourth\">\n<figure><a href=\"\" rel=\"ilightbox[69f1d90acd206]\"><\/a><\/figure><\/li>\n<li class=\"one_fourth\">\n<figure><a href=\"\" rel=\"ilightbox[69f1d90acd206]\"><\/a><\/figure><\/li>\n<li class=\"one_fourth\">\n<figure><a href=\"\" rel=\"ilightbox[69f1d90acd206]\"><\/a><\/figure><\/li>\n<li class=\"one_fourth\">\n<figure><a href=\"\" rel=\"ilightbox[69f1d90acd206]\"><\/a><\/figure><\/li>\n<li class=\"one_fourth\">\n<figure><a href=\"\" rel=\"ilightbox[69f1d90acd206]\"><\/a><\/figure><\/li>\n<li class=\"one_fourth\">\n<figure><a href=\"\" rel=\"ilightbox[69f1d90acd206]\"><\/a><\/figure><\/li>\n<li class=\"one_fourth\">\n<figure><a href=\"\" rel=\"ilightbox[69f1d90acd206]\"><\/a><\/figure><\/li>\n<li class=\"one_fourth\">\n<figure><a href=\"\" rel=\"ilightbox[69f1d90acd206]\"><\/a><\/figure><\/li>\n<li class=\"one_fourth\">\n<figure><a href=\"\" rel=\"ilightbox[69f1d90acd206]\"><\/a><\/figure><\/li>\n<li class=\"one_fourth\">\n<figure><a href=\"\" rel=\"ilightbox[69f1d90acd206]\"><\/a><\/figure><\/li>\n<li class=\"one_fourth\">\n<figure><a href=\"\" rel=\"ilightbox[69f1d90acd206]\"><\/a><\/figure><\/li>\n<li class=\"one_fourth\">\n<figure><a href=\"\" rel=\"ilightbox[69f1d90acd206]\"><\/a><\/figure><\/li>\n<li class=\"one_fourth\">\n<figure><a href=\"\" rel=\"ilightbox[69f1d90acd206]\"><\/a><\/figure><\/li>\n<li class=\"one_fourth\">\n<figure><a href=\"\" rel=\"ilightbox[69f1d90acd206]\"><\/a><\/figure><\/li>\n<li class=\"one_fourth\">\n<figure><a href=\"\" rel=\"ilightbox[69f1d90acd206]\"><\/a><\/figure><\/li>\n<li class=\"one_fourth\">\n<figure><a href=\"\" rel=\"ilightbox[69f1d90acd206]\"><\/a><\/figure><\/li>\n<li class=\"one_fourth\">\n<figure><a href=\"\" rel=\"ilightbox[69f1d90acd206]\"><\/a><\/figure><\/li>\n<li class=\"one_fourth\">\n<figure><a href=\"\" rel=\"ilightbox[69f1d90acd206]\"><\/a><\/figure><\/li>\n<li class=\"one_fourth\">\n<figure><a href=\"\" rel=\"ilightbox[69f1d90acd206]\"><\/a><\/figure><\/li>\n<li class=\"one_fourth\">\n<figure><a href=\"\" rel=\"ilightbox[69f1d90acd206]\"><\/a><\/figure><\/li>\n<li class=\"one_fourth\">\n<figure><a href=\"\" rel=\"ilightbox[69f1d90acd206]\"><\/a><\/figure><\/li>\n<li class=\"one_fourth\">\n<figure><a href=\"\" rel=\"ilightbox[69f1d90acd206]\"><\/a><\/figure><\/li>\n<li class=\"one_fourth\">\n<figure><a href=\"\" rel=\"ilightbox[69f1d90acd206]\"><\/a><\/figure><\/li>\n<li class=\"one_fourth\">\n<figure><a href=\"\" rel=\"ilightbox[69f1d90acd206]\"><\/a><\/figure><\/li>\n<li class=\"one_fourth\">\n<figure><a href=\"\" rel=\"ilightbox[69f1d90acd206]\"><\/a><\/figure><\/li>\n<li class=\"one_fourth\">\n<figure><a href=\"\" rel=\"ilightbox[69f1d90acd206]\"><\/a><\/figure><\/li>\n<li class=\"one_fourth\">\n<figure><a href=\"\" rel=\"ilightbox[69f1d90acd206]\"><\/a><\/figure><\/li>\n<\/ul>\n<\/div>\n<div class=\"cmsms_text\">\n<ul>\n<li>Weitere Bilder auf <a href=\"http:\/\/www.mostropolis.at\/de\/report__Ostarrichi_Gymnasium__Tag_der_offenen_Tuer_548_7559.html\" target=\"_blank\" rel=\"noopener\">Mostropolis.at<\/a><\/li>\n<\/ul>\n<\/div>\n<\/div>\n<\/div>\n<\/div>\n<\/div>\n<\/div>\n<\/div>\n\n","protected":false},"excerpt":{"rendered":"<p>bilden \u2013 bewegen &#8211; begeistern Dass dieser Tag gro\u00dfen Anklang gefunden hat, liegt nicht zuletzt am Engagement unserer Sch\u00fclerInnen, die sich auf ganz pers\u00f6nliche Art und Weise eingebracht haben \u2013 angefangen von Schulf\u00fchrungen bis hin zur Ausrichtung des Buffets.<\/p>\n","protected":false},"author":1,"featured_media":1168,"comment_status":"closed","ping_status":"closed","sticky":false,"template":"","format":"standard","meta":{"footnotes":""},"categories":[6,3],"tags":[],"class_list":["post-1165","post","type-post","status-publish","format-standard","has-post-thumbnail","hentry","category-6","category-allgemein"],"_links":{"self":[{"href":"https:\/\/www.bgamstetten.ac.at\/index.php\/wp-json\/wp\/v2\/posts\/1165","targetHints":{"allow":["GET"]}}],"collection":[{"href":"https:\/\/www.bgamstetten.ac.at\/index.php\/wp-json\/wp\/v2\/posts"}],"about":[{"href":"https:\/\/www.bgamstetten.ac.at\/index.php\/wp-json\/wp\/v2\/types\/post"}],"author":[{"embeddable":true,"href":"https:\/\/www.bgamstetten.ac.at\/index.php\/wp-json\/wp\/v2\/users\/1"}],"replies":[{"embeddable":true,"href":"https:\/\/www.bgamstetten.ac.at\/index.php\/wp-json\/wp\/v2\/comments?post=1165"}],"version-history":[{"count":0,"href":"https:\/\/www.bgamstetten.ac.at\/index.php\/wp-json\/wp\/v2\/posts\/1165\/revisions"}],"wp:featuredmedia":[{"embeddable":true,"href":"https:\/\/www.bgamstetten.ac.at\/index.php\/wp-json\/"}],"wp:attachment":[{"href":"https:\/\/www.bgamstetten.ac.at\/index.php\/wp-json\/wp\/v2\/media?parent=1165"}],"wp:term":[{"taxonomy":"category","embeddable":true,"href":"https:\/\/www.bgamstetten.ac.at\/index.php\/wp-json\/wp\/v2\/categories?post=1165"},{"taxonomy":"post_tag","embeddable":true,"href":"https:\/\/www.bgamstetten.ac.at\/index.php\/wp-json\/wp\/v2\/tags?post=1165"}],"curies":[{"name":"wp","href":"https:\/\/api.w.org\/{rel}","templated":true}]}}